{"id":1001,"date":"2017-08-05T14:46:09","date_gmt":"2017-08-05T14:46:09","guid":{"rendered":"http:\/\/geal.org.br\/juventude\/?p=1001"},"modified":"2018-07-02T19:11:30","modified_gmt":"2018-07-02T19:11:30","slug":"prolegomenos","status":"publish","type":"post","link":"https:\/\/geal.org.br\/juventude\/?p=1001","title":{"rendered":"PROLEG\u00d4MENOS"},"content":{"rendered":"<p>Fen\u00f4menos alheios \u00e0s leis da ci\u00eancia humana se d\u00e3o por toda parte, revelando na causa que os produz a a\u00e7\u00e3o de uma vontade livre e inteligente. A raz\u00e3o diz que um efeito inteligente h\u00e1 de ter como causa uma for\u00e7a inteligente e os fatos h\u00e3o provado que essa for\u00e7a \u00e9 capaz de entrar em comunica\u00e7\u00e3o com os homens por meio de sinais materiais.<\/p>\n<p>Interrogada acerca da sua natureza, essa for\u00e7a declarou pertencer ao mundo dos seres espirituais que se despojaram do inv\u00f3lucro corporal do homem. Assim \u00e9 que foi\u00a0revelada a Doutrina dos Esp\u00edritos. As comunica\u00e7\u00f5es entre o mundo esp\u00edrita e o mundo corp\u00f3reo est\u00e3o na ordem natural das coisas e n\u00e3o constituem fato sobrenatural, tanto que de tais comunica\u00e7\u00f5es se acham vest\u00edgios entre todos os povos e em todas as \u00e9pocas. Hoje se generalizaram e tornaram patentes a todos.<\/p>\n<p>Os esp\u00edritos anunciam que chegaram os tempos marcados pela Provid\u00eancia para\u00a0uma manifesta\u00e7\u00e3o universal e que, sendo eles os ministros de Deus e os agentes de Sua vontade, t\u00eam por miss\u00e3o instruir e esclarecer os homens, abrindo uma nova era para a regenera\u00e7\u00e3o da Humanidade.<\/p>\n<p>(trecho de Proleg\u00f4menos em O Livros dos Esp\u00edritos)<\/p>\n","protected":false},"excerpt":{"rendered":"<p>Fen\u00f4menos alheios \u00e0s leis da ci\u00eancia humana se d\u00e3o por toda parte, revelando na causa que os produz a a\u00e7\u00e3o de uma vontade livre e inteligente. A raz\u00e3o diz que um efeito inteligente h\u00e1 de ter como causa uma for\u00e7a inteligente e os fatos h\u00e3o provado que essa for\u00e7a \u00e9 capaz de entrar em comunica\u00e7\u00e3o &hellip; <\/p>\n<p class=\"link-more\"><a href=\"https:\/\/geal.org.br\/juventude\/?p=1001\" class=\"more-link\">Continue lendo<span class=\"screen-reader-text\"> &#8220;PROLEG\u00d4MENOS&#8221;<\/span><\/a><\/p>\n","protected":false},"author":1,"featured_media":0,"comment_status":"closed","ping_status":"open","sticky":false,"template":"","format":"standard","meta":[],"categories":[5],"tags":[],"_links":{"self":[{"href":"https:\/\/geal.org.br\/juventude\/index.php?rest_route=\/wp\/v2\/posts\/1001"}],"collection":[{"href":"https:\/\/geal.org.br\/juventude\/index.php?rest_route=\/wp\/v2\/posts"}],"about":[{"href":"https:\/\/geal.org.br\/juventude\/index.php?rest_route=\/wp\/v2\/types\/post"}],"author":[{"embeddable":true,"href":"https:\/\/geal.org.br\/juventude\/index.php?rest_route=\/wp\/v2\/users\/1"}],"replies":[{"embeddable":true,"href":"https:\/\/geal.org.br\/juventude\/index.php?rest_route=%2Fwp%2Fv2%2Fcomments&post=1001"}],"version-history":[{"count":1,"href":"https:\/\/geal.org.br\/juventude\/index.php?rest_route=\/wp\/v2\/posts\/1001\/revisions"}],"predecessor-version":[{"id":1144,"href":"https:\/\/geal.org.br\/juventude\/index.php?rest_route=\/wp\/v2\/posts\/1001\/revisions\/1144"}],"wp:attachment":[{"href":"https:\/\/geal.org.br\/juventude\/index.php?rest_route=%2Fwp%2Fv2%2Fmedia&parent=1001"}],"wp:term":[{"taxonomy":"category","embeddable":true,"href":"https:\/\/geal.org.br\/juventude\/index.php?rest_route=%2Fwp%2Fv2%2Fcategories&post=1001"},{"taxonomy":"post_tag","embeddable":true,"href":"https:\/\/geal.org.br\/juventude\/index.php?rest_route=%2Fwp%2Fv2%2Ftags&post=1001"}],"curies":[{"name":"wp","href":"https:\/\/api.w.org\/{rel}","templated":true}]}}