{"id":1007,"date":"2017-09-02T11:53:39","date_gmt":"2017-09-02T11:53:39","guid":{"rendered":"http:\/\/geal.org.br\/juventude\/?p=1007"},"modified":"2018-07-02T19:11:10","modified_gmt":"2018-07-02T19:11:10","slug":"refregas-da-evolucao","status":"publish","type":"post","link":"https:\/\/geal.org.br\/juventude\/?p=1007","title":{"rendered":"REFREGAS DA EVOLU\u00c7\u00c3O"},"content":{"rendered":"<p>Apesar das rudes refregas da luta, n\u00e3o te deixes abater.<\/p>\n<p>Sob o peso de indescrit\u00edveis afli\u00e7\u00f5es, n\u00e3o te guardes \u00e0 sombra do desalento.<\/p>\n<p>Mesmo que os caminhos estejam refertos de dificuldades, n\u00e3o estaciones desanimado na jornada empreendida.<\/p>\n<p>Aprende com a natureza: a terra sacudida pelo desvario dos ventos renova-se, cessada a tormenta; o solo encharcado retoma a verdura, e o arvoredo esfacelado cobre-se novamente de flores.<\/p>\n<p>Em toda parte a vida se renova incessantemente, sob o l\u00e1tego das afli\u00e7\u00f5es, convidando-te a imitar-lhe o exemplo.<\/p>\n<p>N\u00e3o permitas, assim, que o pessimismo, esse conselheiro soez, balbucie aos teus ouvidos express\u00f5es de desencanto em rela\u00e7\u00e3o \u00e0s tarefas elegidas.<\/p>\n<p>Recorda Jesus, abandonado, tra\u00eddo, em extrema solid\u00e3o, plantando sozinho a espada luminosa do dever, desde ent\u00e3o transformada em marco de luz para a Humanidade inteira.<\/p>\n<p>(trecho de do livro do m\u00eas)<\/p>\n","protected":false},"excerpt":{"rendered":"<p>Apesar das rudes refregas da luta, n\u00e3o te deixes abater. Sob o peso de indescrit\u00edveis afli\u00e7\u00f5es, n\u00e3o te guardes \u00e0 sombra do desalento. Mesmo que os caminhos estejam refertos de dificuldades, n\u00e3o estaciones desanimado na jornada empreendida. Aprende com a natureza: a terra sacudida pelo desvario dos ventos renova-se, cessada a tormenta; o solo encharcado &hellip; <\/p>\n<p class=\"link-more\"><a href=\"https:\/\/geal.org.br\/juventude\/?p=1007\" class=\"more-link\">Continue lendo<span class=\"screen-reader-text\"> &#8220;REFREGAS DA EVOLU\u00c7\u00c3O&#8221;<\/span><\/a><\/p>\n","protected":false},"author":1,"featured_media":0,"comment_status":"closed","ping_status":"open","sticky":false,"template":"","format":"standard","meta":[],"categories":[5],"tags":[],"_links":{"self":[{"href":"https:\/\/geal.org.br\/juventude\/index.php?rest_route=\/wp\/v2\/posts\/1007"}],"collection":[{"href":"https:\/\/geal.org.br\/juventude\/index.php?rest_route=\/wp\/v2\/posts"}],"about":[{"href":"https:\/\/geal.org.br\/juventude\/index.php?rest_route=\/wp\/v2\/types\/post"}],"author":[{"embeddable":true,"href":"https:\/\/geal.org.br\/juventude\/index.php?rest_route=\/wp\/v2\/users\/1"}],"replies":[{"embeddable":true,"href":"https:\/\/geal.org.br\/juventude\/index.php?rest_route=%2Fwp%2Fv2%2Fcomments&post=1007"}],"version-history":[{"count":1,"href":"https:\/\/geal.org.br\/juventude\/index.php?rest_route=\/wp\/v2\/posts\/1007\/revisions"}],"predecessor-version":[{"id":1142,"href":"https:\/\/geal.org.br\/juventude\/index.php?rest_route=\/wp\/v2\/posts\/1007\/revisions\/1142"}],"wp:attachment":[{"href":"https:\/\/geal.org.br\/juventude\/index.php?rest_route=%2Fwp%2Fv2%2Fmedia&parent=1007"}],"wp:term":[{"taxonomy":"category","embeddable":true,"href":"https:\/\/geal.org.br\/juventude\/index.php?rest_route=%2Fwp%2Fv2%2Fcategories&post=1007"},{"taxonomy":"post_tag","embeddable":true,"href":"https:\/\/geal.org.br\/juventude\/index.php?rest_route=%2Fwp%2Fv2%2Ftags&post=1007"}],"curies":[{"name":"wp","href":"https:\/\/api.w.org\/{rel}","templated":true}]}}