{"id":1589,"date":"2019-03-01T19:06:03","date_gmt":"2019-03-01T19:06:03","guid":{"rendered":"http:\/\/geal.org.br\/juventude\/?p=1589"},"modified":"2019-03-01T19:06:03","modified_gmt":"2019-03-01T19:06:03","slug":"livro-de-marco-2019","status":"publish","type":"post","link":"https:\/\/geal.org.br\/juventude\/?p=1589","title":{"rendered":"LIVRO DE MAR\u00c7O &#8211; 2019"},"content":{"rendered":"<p style=\"text-align: center;\"><span style=\"color: #ff0000;\"><strong>Nosso Lar<\/strong><\/span><\/p>\n<p style=\"text-align: center;\"><span style=\"color: #0000ff;\"><strong>Andr\u00e9 Luiz \u2013 psic. F.C.Xavier<\/strong><\/span><\/p>\n<p>&nbsp;<\/p>\n<p>Se voc\u00ea j\u00e1 leu este livro, agora poder\u00e1 estud\u00e1-lo participando dos estudos de 6\u00aa feira na Escola de M\u00e9diuns. Estaremos reiniciando o estudo de cada uma das obras de Andr\u00e9 Luiz da cole\u00e7\u00e3o \u201cA vida Espiritual\u201d ap\u00f3s havermos encerrado, no m\u00eas de setembro do ano passado, o \u00faltimo livro entitulado \u201cE a vida continua&#8230;\u201d. Este estudo \u00e9 aberto ao p\u00fablico e se voc\u00ea ainda n\u00e3o leu, n\u00e3o perca esta oportunidade onde cada semana estudaremos um cap\u00edtulo.<\/p>\n<p>A leitura desta obra representa a abertura para uma vis\u00e3o mais clara sobre a realidade da vida espiritual que nos aguarda a todos e o verdadeiro esp\u00edrita n\u00e3o pode deixar de buscar a forma\u00e7\u00e3o desta vis\u00e3o.<\/p>\n<p>Mas se voc\u00ea j\u00e1 leu, at\u00e9 mais de uma vez, porque n\u00e3o estud\u00e1-lo? A releitura de uma obra desta magnitude sempre nos remete a reflex\u00f5es novas que n\u00e3o sugiram na primeira leitura, porque nossa experi\u00eancia de vida hoje \u00e9 maior. Se decidir estudar conosco, esta ser\u00e1, sem d\u00favida, uma \u00f3tima decis\u00e3o.<\/p>\n","protected":false},"excerpt":{"rendered":"<p>Nosso Lar Andr\u00e9 Luiz \u2013 psic. F.C.Xavier &nbsp; Se voc\u00ea j\u00e1 leu este livro, agora poder\u00e1 estud\u00e1-lo participando dos estudos de 6\u00aa feira na Escola de M\u00e9diuns. Estaremos reiniciando o estudo de cada uma das obras de Andr\u00e9 Luiz da cole\u00e7\u00e3o \u201cA vida Espiritual\u201d ap\u00f3s havermos encerrado, no m\u00eas de setembro do ano passado, o &hellip; <\/p>\n<p class=\"link-more\"><a href=\"https:\/\/geal.org.br\/juventude\/?p=1589\" class=\"more-link\">Continue lendo<span class=\"screen-reader-text\"> &#8220;LIVRO DE MAR\u00c7O &#8211; 2019&#8221;<\/span><\/a><\/p>\n","protected":false},"author":1,"featured_media":0,"comment_status":"closed","ping_status":"open","sticky":false,"template":"","format":"standard","meta":[],"categories":[5],"tags":[],"_links":{"self":[{"href":"https:\/\/geal.org.br\/juventude\/index.php?rest_route=\/wp\/v2\/posts\/1589"}],"collection":[{"href":"https:\/\/geal.org.br\/juventude\/index.php?rest_route=\/wp\/v2\/posts"}],"about":[{"href":"https:\/\/geal.org.br\/juventude\/index.php?rest_route=\/wp\/v2\/types\/post"}],"author":[{"embeddable":true,"href":"https:\/\/geal.org.br\/juventude\/index.php?rest_route=\/wp\/v2\/users\/1"}],"replies":[{"embeddable":true,"href":"https:\/\/geal.org.br\/juventude\/index.php?rest_route=%2Fwp%2Fv2%2Fcomments&post=1589"}],"version-history":[{"count":1,"href":"https:\/\/geal.org.br\/juventude\/index.php?rest_route=\/wp\/v2\/posts\/1589\/revisions"}],"predecessor-version":[{"id":1590,"href":"https:\/\/geal.org.br\/juventude\/index.php?rest_route=\/wp\/v2\/posts\/1589\/revisions\/1590"}],"wp:attachment":[{"href":"https:\/\/geal.org.br\/juventude\/index.php?rest_route=%2Fwp%2Fv2%2Fmedia&parent=1589"}],"wp:term":[{"taxonomy":"category","embeddable":true,"href":"https:\/\/geal.org.br\/juventude\/index.php?rest_route=%2Fwp%2Fv2%2Fcategories&post=1589"},{"taxonomy":"post_tag","embeddable":true,"href":"https:\/\/geal.org.br\/juventude\/index.php?rest_route=%2Fwp%2Fv2%2Ftags&post=1589"}],"curies":[{"name":"wp","href":"https:\/\/api.w.org\/{rel}","templated":true}]}}