{"id":1594,"date":"2019-04-12T23:01:24","date_gmt":"2019-04-12T23:01:24","guid":{"rendered":"http:\/\/geal.org.br\/juventude\/?p=1594"},"modified":"2019-04-12T23:01:24","modified_gmt":"2019-04-12T23:01:24","slug":"livro-de-abril-2019","status":"publish","type":"post","link":"https:\/\/geal.org.br\/juventude\/?p=1594","title":{"rendered":"LIVRO DE ABRIL &#8211; 2019"},"content":{"rendered":"<p style=\"text-align: center;\"><strong><span style=\"color: #ff0000;\">O Livro dos Esp\u00edritos<\/span><\/strong><\/p>\n<p style=\"text-align: center;\"><span style=\"color: #0000ff;\"><strong>Allan Kardec<\/strong><\/span><\/p>\n<p>&nbsp;<\/p>\n<p>Primeiro livro publicado por Kardec, o Livro dos Esp\u00edritos definiu um marco decisivo em nossa evolu\u00e7\u00e3o. Suas perguntas, rica e inteligentemente elaboradas pelo codificador, iniciou uma nova era de comunica\u00e7\u00f5es com os Esp\u00edritos Superiores.<\/p>\n<p>Apresentado por Kardec em sua p\u00e1gina inicial como Filosofia Espiritualista, ele transcendeu \u00e0 filosofia comum apresentando um conte\u00fado cientifico revelador, sobre cujas bases se estruturaria, poucos anos ap\u00f3s, o car\u00e1ter divino das explica\u00e7\u00f5es para as m\u00e1ximas morais de Jesus.<\/p>\n<p>Ap\u00f3s uma rica introdu\u00e7\u00e3o abordando alguns t\u00f3picos principais, Kardec dividiu o conjunto das perguntas e respostas em quatro partes para as quais gerou um novo livro que formaria a base da Doutrina Esp\u00edrita.<\/p>\n<p>Da 1\u00aa parte (quest\u00f5es sobre a cria\u00e7\u00e3o e o Criador) publicou o livro A G\u00eanese. Da 2\u00aa parte (quest\u00f5es sobre o mundo espiritual e sua rela\u00e7\u00e3o com a vida f\u00edsica) publicou O Livro dos M\u00e9diuns. Da 3\u00aa parte (quest\u00f5es sobre as leis morais) publicou O Evangelho Segundo o Espiritismo. E da 4\u00aa parte (quest\u00f5es sobre as esperan\u00e7as e consola\u00e7\u00f5es) publicou O C\u00e9u e o Inferno.<\/p>\n<p>Nestes 160 anos que se completam de sua publica\u00e7\u00e3o, desejamos agradecer ao em\u00e9rito codificador por sua grande e nobre tarefa.<\/p>\n","protected":false},"excerpt":{"rendered":"<p>O Livro dos Esp\u00edritos Allan Kardec &nbsp; Primeiro livro publicado por Kardec, o Livro dos Esp\u00edritos definiu um marco decisivo em nossa evolu\u00e7\u00e3o. Suas perguntas, rica e inteligentemente elaboradas pelo codificador, iniciou uma nova era de comunica\u00e7\u00f5es com os Esp\u00edritos Superiores. Apresentado por Kardec em sua p\u00e1gina inicial como Filosofia Espiritualista, ele transcendeu \u00e0 filosofia &hellip; <\/p>\n<p class=\"link-more\"><a href=\"https:\/\/geal.org.br\/juventude\/?p=1594\" class=\"more-link\">Continue lendo<span class=\"screen-reader-text\"> &#8220;LIVRO DE ABRIL &#8211; 2019&#8221;<\/span><\/a><\/p>\n","protected":false},"author":1,"featured_media":0,"comment_status":"closed","ping_status":"open","sticky":false,"template":"","format":"standard","meta":[],"categories":[5],"tags":[],"_links":{"self":[{"href":"https:\/\/geal.org.br\/juventude\/index.php?rest_route=\/wp\/v2\/posts\/1594"}],"collection":[{"href":"https:\/\/geal.org.br\/juventude\/index.php?rest_route=\/wp\/v2\/posts"}],"about":[{"href":"https:\/\/geal.org.br\/juventude\/index.php?rest_route=\/wp\/v2\/types\/post"}],"author":[{"embeddable":true,"href":"https:\/\/geal.org.br\/juventude\/index.php?rest_route=\/wp\/v2\/users\/1"}],"replies":[{"embeddable":true,"href":"https:\/\/geal.org.br\/juventude\/index.php?rest_route=%2Fwp%2Fv2%2Fcomments&post=1594"}],"version-history":[{"count":1,"href":"https:\/\/geal.org.br\/juventude\/index.php?rest_route=\/wp\/v2\/posts\/1594\/revisions"}],"predecessor-version":[{"id":1595,"href":"https:\/\/geal.org.br\/juventude\/index.php?rest_route=\/wp\/v2\/posts\/1594\/revisions\/1595"}],"wp:attachment":[{"href":"https:\/\/geal.org.br\/juventude\/index.php?rest_route=%2Fwp%2Fv2%2Fmedia&parent=1594"}],"wp:term":[{"taxonomy":"category","embeddable":true,"href":"https:\/\/geal.org.br\/juventude\/index.php?rest_route=%2Fwp%2Fv2%2Fcategories&post=1594"},{"taxonomy":"post_tag","embeddable":true,"href":"https:\/\/geal.org.br\/juventude\/index.php?rest_route=%2Fwp%2Fv2%2Ftags&post=1594"}],"curies":[{"name":"wp","href":"https:\/\/api.w.org\/{rel}","templated":true}]}}