{"id":1598,"date":"2019-05-02T16:53:42","date_gmt":"2019-05-02T16:53:42","guid":{"rendered":"http:\/\/geal.org.br\/juventude\/?p=1598"},"modified":"2019-05-02T16:53:42","modified_gmt":"2019-05-02T16:53:42","slug":"primeiro-dialogo-o-critico","status":"publish","type":"post","link":"https:\/\/geal.org.br\/juventude\/?p=1598","title":{"rendered":"Primeiro di\u00e1logo &#8211; O Cr\u00edtico"},"content":{"rendered":"<p>V &#8211; Entretanto, se consegu\u00edsseis convencer-me, conhecido que sou como antagonista das vossas id\u00e9ias, isto seria um milagre eminentemente favor\u00e1vel \u00e0 causa que defendeis.<\/p>\n<p>&nbsp;<\/p>\n<p>A.K. &#8211; Lamento-o, caro senhor, por\u00e9m n\u00e3o tenho o dom de fazer milagres. Julgais que uma ou duas sess\u00f5es bastariam para adquirirdes convic\u00e7\u00e3o?<\/p>\n<p>Seria, realmente, um verdadeiro prod\u00edgio; eu precisei mais de um ano de trabalho para ficar convencido; o que prova que n\u00e3o cheguei a este estado inconsideradamente.<\/p>\n<p>Al\u00e9m disso, n\u00e3o realizo sess\u00f5es p\u00fablicas e parece-me que vos enganastes sobre o fim das nossas reuni\u00f5es, visto n\u00e3o fazermos experi\u00eancias com o fito de satisfazer \u00e0 curiosidade de ningu\u00e9m.<\/p>\n<p>(trecho do livro O que \u00e9 o Espiritismo)<\/p>\n","protected":false},"excerpt":{"rendered":"<p>V &#8211; Entretanto, se consegu\u00edsseis convencer-me, conhecido que sou como antagonista das vossas id\u00e9ias, isto seria um milagre eminentemente favor\u00e1vel \u00e0 causa que defendeis. &nbsp; A.K. &#8211; Lamento-o, caro senhor, por\u00e9m n\u00e3o tenho o dom de fazer milagres. Julgais que uma ou duas sess\u00f5es bastariam para adquirirdes convic\u00e7\u00e3o? Seria, realmente, um verdadeiro prod\u00edgio; eu precisei &hellip; <\/p>\n<p class=\"link-more\"><a href=\"https:\/\/geal.org.br\/juventude\/?p=1598\" class=\"more-link\">Continue lendo<span class=\"screen-reader-text\"> &#8220;Primeiro di\u00e1logo &#8211; O Cr\u00edtico&#8221;<\/span><\/a><\/p>\n","protected":false},"author":1,"featured_media":0,"comment_status":"closed","ping_status":"open","sticky":false,"template":"","format":"standard","meta":[],"categories":[5],"tags":[],"_links":{"self":[{"href":"https:\/\/geal.org.br\/juventude\/index.php?rest_route=\/wp\/v2\/posts\/1598"}],"collection":[{"href":"https:\/\/geal.org.br\/juventude\/index.php?rest_route=\/wp\/v2\/posts"}],"about":[{"href":"https:\/\/geal.org.br\/juventude\/index.php?rest_route=\/wp\/v2\/types\/post"}],"author":[{"embeddable":true,"href":"https:\/\/geal.org.br\/juventude\/index.php?rest_route=\/wp\/v2\/users\/1"}],"replies":[{"embeddable":true,"href":"https:\/\/geal.org.br\/juventude\/index.php?rest_route=%2Fwp%2Fv2%2Fcomments&post=1598"}],"version-history":[{"count":1,"href":"https:\/\/geal.org.br\/juventude\/index.php?rest_route=\/wp\/v2\/posts\/1598\/revisions"}],"predecessor-version":[{"id":1599,"href":"https:\/\/geal.org.br\/juventude\/index.php?rest_route=\/wp\/v2\/posts\/1598\/revisions\/1599"}],"wp:attachment":[{"href":"https:\/\/geal.org.br\/juventude\/index.php?rest_route=%2Fwp%2Fv2%2Fmedia&parent=1598"}],"wp:term":[{"taxonomy":"category","embeddable":true,"href":"https:\/\/geal.org.br\/juventude\/index.php?rest_route=%2Fwp%2Fv2%2Fcategories&post=1598"},{"taxonomy":"post_tag","embeddable":true,"href":"https:\/\/geal.org.br\/juventude\/index.php?rest_route=%2Fwp%2Fv2%2Ftags&post=1598"}],"curies":[{"name":"wp","href":"https:\/\/api.w.org\/{rel}","templated":true}]}}