{"id":1600,"date":"2019-05-02T16:54:49","date_gmt":"2019-05-02T16:54:49","guid":{"rendered":"http:\/\/geal.org.br\/juventude\/?p=1600"},"modified":"2019-05-02T16:55:16","modified_gmt":"2019-05-02T16:55:16","slug":"1600-2","status":"publish","type":"post","link":"https:\/\/geal.org.br\/juventude\/?p=1600","title":{"rendered":"LIVRO DE MAIO &#8211; 2019"},"content":{"rendered":"<p><strong><span style=\"color: #ff0000;\">O que \u00e9 o Espiritismo<\/span><\/strong><\/p>\n<p><span style=\"color: #0000ff;\"><strong>Allan Kardec<\/strong><\/span><\/p>\n<p>Al\u00e9m de conter uma biografia de Kardec, por Henri Sausse, a l\u00f3gica e o bom senso do Codificador a\u00ed se evidenciam, desconcertando os negativistas e clareando as indaga\u00e7\u00f5es dos que acreditam e aspiram \u00e0 vida superior.<\/p>\n<p>Divide-se em 3 cap\u00edtulos:<\/p>\n<p>O primeiro, sob a forma de di\u00e1logos com um cr\u00edtico, um c\u00e9ptico e um padre traz respostas \u00e0queles que desconhecem os princ\u00edpios b\u00e1sicos da Doutrina, bem como apropriadas refuta\u00e7\u00f5es aos seus contraditores.<\/p>\n<p>O segundo cap\u00edtulo, exp\u00f5e partes da ci\u00eancia pr\u00e1tica e experimental, caracterizando-se como um resumo de O Livro dos M\u00e9diuns.<\/p>\n<p>No terceiro cap\u00edtulo, \u00e9 publicado o resumo de O Livro dos Esp\u00edritos, com a solu\u00e7\u00e3o, apontada pela Doutrina Esp\u00edrita, de problemas de ordem psicol\u00f3gica, moral e filos\u00f3fica.<\/p>\n","protected":false},"excerpt":{"rendered":"<p>O que \u00e9 o Espiritismo Allan Kardec Al\u00e9m de conter uma biografia de Kardec, por Henri Sausse, a l\u00f3gica e o bom senso do Codificador a\u00ed se evidenciam, desconcertando os negativistas e clareando as indaga\u00e7\u00f5es dos que acreditam e aspiram \u00e0 vida superior. Divide-se em 3 cap\u00edtulos: O primeiro, sob a forma de di\u00e1logos com &hellip; <\/p>\n<p class=\"link-more\"><a href=\"https:\/\/geal.org.br\/juventude\/?p=1600\" class=\"more-link\">Continue lendo<span class=\"screen-reader-text\"> &#8220;LIVRO DE MAIO &#8211; 2019&#8221;<\/span><\/a><\/p>\n","protected":false},"author":1,"featured_media":0,"comment_status":"closed","ping_status":"open","sticky":false,"template":"","format":"standard","meta":[],"categories":[5],"tags":[],"_links":{"self":[{"href":"https:\/\/geal.org.br\/juventude\/index.php?rest_route=\/wp\/v2\/posts\/1600"}],"collection":[{"href":"https:\/\/geal.org.br\/juventude\/index.php?rest_route=\/wp\/v2\/posts"}],"about":[{"href":"https:\/\/geal.org.br\/juventude\/index.php?rest_route=\/wp\/v2\/types\/post"}],"author":[{"embeddable":true,"href":"https:\/\/geal.org.br\/juventude\/index.php?rest_route=\/wp\/v2\/users\/1"}],"replies":[{"embeddable":true,"href":"https:\/\/geal.org.br\/juventude\/index.php?rest_route=%2Fwp%2Fv2%2Fcomments&post=1600"}],"version-history":[{"count":2,"href":"https:\/\/geal.org.br\/juventude\/index.php?rest_route=\/wp\/v2\/posts\/1600\/revisions"}],"predecessor-version":[{"id":1602,"href":"https:\/\/geal.org.br\/juventude\/index.php?rest_route=\/wp\/v2\/posts\/1600\/revisions\/1602"}],"wp:attachment":[{"href":"https:\/\/geal.org.br\/juventude\/index.php?rest_route=%2Fwp%2Fv2%2Fmedia&parent=1600"}],"wp:term":[{"taxonomy":"category","embeddable":true,"href":"https:\/\/geal.org.br\/juventude\/index.php?rest_route=%2Fwp%2Fv2%2Fcategories&post=1600"},{"taxonomy":"post_tag","embeddable":true,"href":"https:\/\/geal.org.br\/juventude\/index.php?rest_route=%2Fwp%2Fv2%2Ftags&post=1600"}],"curies":[{"name":"wp","href":"https:\/\/api.w.org\/{rel}","templated":true}]}}