{"id":1604,"date":"2019-06-07T01:04:12","date_gmt":"2019-06-07T01:04:12","guid":{"rendered":"http:\/\/geal.org.br\/juventude\/?p=1604"},"modified":"2019-06-07T01:07:16","modified_gmt":"2019-06-07T01:07:16","slug":"vereda-familiar","status":"publish","type":"post","link":"https:\/\/geal.org.br\/juventude\/?p=1604","title":{"rendered":"Vereda Familiar"},"content":{"rendered":"<p>Sem qualquer presun\u00e7\u00e3o de determinar comportamentos no seio da fam\u00edlia, aproveitamo-nos desses tempos excitantes e paradoxais, atordoantes mesmo, para chamar \u00e0s medita\u00e7\u00f5es urgentes cada elemento do cl\u00e3 terrestre.<\/p>\n<p>Tendo a necess\u00e1ria consci\u00eancia do quanto \u00e9 dif\u00edcil cada um ater-se aos deveres estabelecidos no Al\u00e9m, sabemos, por outro lado, que, para quem faz esfor\u00e7os no bem di\u00e1rio, buscando a supera\u00e7\u00e3o de si mesmo, dos seus pr\u00f3prios limites, as situa\u00e7\u00f5es n\u00e3o se tornar\u00e3o demasiado dif\u00edceis.<\/p>\n<p>Reconhecendo na fam\u00edlia o ninho das constru\u00e7\u00f5es mais \u00edntimas do grupo reencarnado, atrevemo-nos a convidar v\u00e1rios elementos que se imaginavam sem nenhum dever para com ela, ou aqueles que poucas vezes se detiveram a pensar, maduramente, sobre o conjunto familiar, para que, juntos, o fiz\u00e9ssemos.<\/p>\n<p>N\u00e3o nos alimentou qualquer inten\u00e7\u00e3o dogm\u00e1tica, definitiva. Nenhum absolutismo nos moveu. Somente o anseio de evocar alguns pontos da viv\u00eancia e da conviv\u00eancia dom\u00e9sticas do grupo que, por motivos multiplicados, agora se encontra nas veredas familiares para os acertos e para o crescimento de todos, que n\u00e3o mais deve demorar.<\/p>\n<p>(Thereza de Brito &#8211; trecho do in\u00edcio do livro do m\u00eas)<\/p>\n","protected":false},"excerpt":{"rendered":"<p>Sem qualquer presun\u00e7\u00e3o de determinar comportamentos no seio da fam\u00edlia, aproveitamo-nos desses tempos excitantes e paradoxais, atordoantes mesmo, para chamar \u00e0s medita\u00e7\u00f5es urgentes cada elemento do cl\u00e3 terrestre. Tendo a necess\u00e1ria consci\u00eancia do quanto \u00e9 dif\u00edcil cada um ater-se aos deveres estabelecidos no Al\u00e9m, sabemos, por outro lado, que, para quem faz esfor\u00e7os no bem &hellip; <\/p>\n<p class=\"link-more\"><a href=\"https:\/\/geal.org.br\/juventude\/?p=1604\" class=\"more-link\">Continue lendo<span class=\"screen-reader-text\"> &#8220;Vereda Familiar&#8221;<\/span><\/a><\/p>\n","protected":false},"author":1,"featured_media":0,"comment_status":"closed","ping_status":"open","sticky":false,"template":"","format":"standard","meta":[],"categories":[5],"tags":[],"_links":{"self":[{"href":"https:\/\/geal.org.br\/juventude\/index.php?rest_route=\/wp\/v2\/posts\/1604"}],"collection":[{"href":"https:\/\/geal.org.br\/juventude\/index.php?rest_route=\/wp\/v2\/posts"}],"about":[{"href":"https:\/\/geal.org.br\/juventude\/index.php?rest_route=\/wp\/v2\/types\/post"}],"author":[{"embeddable":true,"href":"https:\/\/geal.org.br\/juventude\/index.php?rest_route=\/wp\/v2\/users\/1"}],"replies":[{"embeddable":true,"href":"https:\/\/geal.org.br\/juventude\/index.php?rest_route=%2Fwp%2Fv2%2Fcomments&post=1604"}],"version-history":[{"count":3,"href":"https:\/\/geal.org.br\/juventude\/index.php?rest_route=\/wp\/v2\/posts\/1604\/revisions"}],"predecessor-version":[{"id":1607,"href":"https:\/\/geal.org.br\/juventude\/index.php?rest_route=\/wp\/v2\/posts\/1604\/revisions\/1607"}],"wp:attachment":[{"href":"https:\/\/geal.org.br\/juventude\/index.php?rest_route=%2Fwp%2Fv2%2Fmedia&parent=1604"}],"wp:term":[{"taxonomy":"category","embeddable":true,"href":"https:\/\/geal.org.br\/juventude\/index.php?rest_route=%2Fwp%2Fv2%2Fcategories&post=1604"},{"taxonomy":"post_tag","embeddable":true,"href":"https:\/\/geal.org.br\/juventude\/index.php?rest_route=%2Fwp%2Fv2%2Ftags&post=1604"}],"curies":[{"name":"wp","href":"https:\/\/api.w.org\/{rel}","templated":true}]}}