{"id":1608,"date":"2019-06-07T01:10:42","date_gmt":"2019-06-07T01:10:42","guid":{"rendered":"http:\/\/geal.org.br\/juventude\/?p=1608"},"modified":"2019-06-07T01:10:42","modified_gmt":"2019-06-07T01:10:42","slug":"livro-de-junho-2019","status":"publish","type":"post","link":"https:\/\/geal.org.br\/juventude\/?p=1608","title":{"rendered":"LIVRO DE JUNHO &#8211; 2019"},"content":{"rendered":"<p style=\"text-align: center;\"><span style=\"color: #ff0000;\"><strong>Vereda Familiar<\/strong><\/span><\/p>\n<p style=\"text-align: center;\"><span style=\"color: #0000ff;\"><strong>Thereza de Brito<\/strong><\/span><\/p>\n<p style=\"text-align: center;\"><span style=\"color: #0000ff;\"><strong>psic. J. Raul de Brito<\/strong><\/span><\/p>\n<p>&nbsp;<\/p>\n<table style=\"height: 366px;\" width=\"530\">\n<tbody>\n<tr>\n<td width=\"554\">Tendo dedicado integralmente sua \u00faltima exist\u00eancia \u00e0 educa\u00e7\u00e3o e assist\u00eancia de seus 11 filhos, Thereza de Brito nos apresenta neste livro sua vis\u00e3o espiritual ao tratar de diversos temas voltados \u00e0 vida familiar.<\/p>\n<p>Diz-nos o Esp\u00edrito Camilo, na apresenta\u00e7\u00e3o do livro, que sendo ela uma estudiosa observadora das quest\u00f5es do lar, iniciou, na vida espiritual, um labor de chamar a aten\u00e7\u00e3o e esclarecer o grupo familiar ou algum de seus componentes sobre as situa\u00e7\u00f5es vividas e sofridas no clima dom\u00e9stico.<\/p>\n<p>Atuando, no Invis\u00edvel, em Equipes de atendimentos a enfermos e a problematizados em fam\u00edlia, mostra-se af\u00e1vel e firme, jovial e coerente em seus labores, o que lhe d\u00e1 uma aura de equil\u00edbrio profundo.<\/td>\n<\/tr>\n<\/tbody>\n<\/table>\n","protected":false},"excerpt":{"rendered":"<p>Vereda Familiar Thereza de Brito psic. J. Raul de Brito &nbsp; Tendo dedicado integralmente sua \u00faltima exist\u00eancia \u00e0 educa\u00e7\u00e3o e assist\u00eancia de seus 11 filhos, Thereza de Brito nos apresenta neste livro sua vis\u00e3o espiritual ao tratar de diversos temas voltados \u00e0 vida familiar. Diz-nos o Esp\u00edrito Camilo, na apresenta\u00e7\u00e3o do livro, que sendo ela &hellip; <\/p>\n<p class=\"link-more\"><a href=\"https:\/\/geal.org.br\/juventude\/?p=1608\" class=\"more-link\">Continue lendo<span class=\"screen-reader-text\"> &#8220;LIVRO DE JUNHO &#8211; 2019&#8221;<\/span><\/a><\/p>\n","protected":false},"author":1,"featured_media":0,"comment_status":"closed","ping_status":"open","sticky":false,"template":"","format":"standard","meta":[],"categories":[5],"tags":[],"_links":{"self":[{"href":"https:\/\/geal.org.br\/juventude\/index.php?rest_route=\/wp\/v2\/posts\/1608"}],"collection":[{"href":"https:\/\/geal.org.br\/juventude\/index.php?rest_route=\/wp\/v2\/posts"}],"about":[{"href":"https:\/\/geal.org.br\/juventude\/index.php?rest_route=\/wp\/v2\/types\/post"}],"author":[{"embeddable":true,"href":"https:\/\/geal.org.br\/juventude\/index.php?rest_route=\/wp\/v2\/users\/1"}],"replies":[{"embeddable":true,"href":"https:\/\/geal.org.br\/juventude\/index.php?rest_route=%2Fwp%2Fv2%2Fcomments&post=1608"}],"version-history":[{"count":1,"href":"https:\/\/geal.org.br\/juventude\/index.php?rest_route=\/wp\/v2\/posts\/1608\/revisions"}],"predecessor-version":[{"id":1609,"href":"https:\/\/geal.org.br\/juventude\/index.php?rest_route=\/wp\/v2\/posts\/1608\/revisions\/1609"}],"wp:attachment":[{"href":"https:\/\/geal.org.br\/juventude\/index.php?rest_route=%2Fwp%2Fv2%2Fmedia&parent=1608"}],"wp:term":[{"taxonomy":"category","embeddable":true,"href":"https:\/\/geal.org.br\/juventude\/index.php?rest_route=%2Fwp%2Fv2%2Fcategories&post=1608"},{"taxonomy":"post_tag","embeddable":true,"href":"https:\/\/geal.org.br\/juventude\/index.php?rest_route=%2Fwp%2Fv2%2Ftags&post=1608"}],"curies":[{"name":"wp","href":"https:\/\/api.w.org\/{rel}","templated":true}]}}