{"id":1621,"date":"2019-08-15T01:37:21","date_gmt":"2019-08-15T01:37:21","guid":{"rendered":"http:\/\/geal.org.br\/juventude\/?p=1621"},"modified":"2019-08-15T01:37:21","modified_gmt":"2019-08-15T01:37:21","slug":"livro-de-agosto-2019","status":"publish","type":"post","link":"https:\/\/geal.org.br\/juventude\/?p=1621","title":{"rendered":"LIVRO DE AGOSTO &#8211; 2019"},"content":{"rendered":"<p style=\"text-align: center;\"><span style=\"color: #ff0000;\"><strong>Constitui\u00e7\u00e3o Divina<\/strong><\/span><\/p>\n<p style=\"text-align: center;\"><span style=\"color: #0000ff;\"><strong>Richard\u00a0 Simonetti<\/strong><\/span><\/p>\n<p>&nbsp;<\/p>\n<table style=\"height: 1301px;\" width=\"581\">\n<tbody>\n<tr>\n<td width=\"582\">\n<p style=\"text-align: center;\">\u00a0\u00a0\u00a0\u00a0\u00a0\u00a0\u00a0\u00a0\u00a0\u00a0\u00a0 <strong>&#8220;CEQUESSU&#8221;<\/strong><\/p>\n<p><strong>\u00a0<\/strong><\/p>\n<p>A dire\u00e7\u00e3o da faculdade decidira promover um debate sobre assuntos de atualidade, solicitando aos alunos que sugerissem, por escrito, os temas.<\/p>\n<p>Houve v\u00e1rias indica\u00e7\u00f5es: viol\u00eancia, infla\u00e7\u00e3o, t\u00f3xico, suic\u00eddio, loucura,&#8230; Uma delas era decididamente estranha: &#8220;cequessu&#8221;. Somente ap\u00f3s v\u00e1rias consultas, um velho professor de Portugu\u00eas, concluiu que aquele &#8220;cequessu&#8221; significava &#8220;sexo&#8221;.<\/p>\n<p>Fora esse o tema escolhido pelo estudante que, como tantos outros, se alfabetizara na adolesc\u00eancia, transitou precariamente pelo supletivo ginasial e colegial e, num exame elementar de sele\u00e7\u00e3o, ingressou no curso superior. Um semianalfabeto na faculdade, por falta de viv\u00eancia escolar, de conv\u00edvio com os livros, em aprendizado met\u00f3dico e disciplinado.<\/p>\n<p>Assim como acontece em rela\u00e7\u00e3o \u00e0 l\u00edngua p\u00e1tria, h\u00e1 muita gente iletrada, espiritualmente, cursando a Universidade da Vida. S\u00e3o pessoas incapazes de distinguir, em profundidade, o certo do errado, a virtude do v\u00edcio, o bem do mal, confundindo-se e se comprometendo, frequentemente, em erros elementares de julgamento.<\/p>\n<p>Importante considerar, entretanto, que estamos na escola terrestre exatamente para superar nossa ignor\u00e2ncia espiritual, nosso atraso moral. Desfrutando os benef\u00edcios do esquecimento tempor\u00e1rio, que nos permite superar paix\u00f5es e fixa\u00e7\u00f5es que precipitaram nossas quedas em vidas anteriores, podemos, desde que convenientemente preparados, operar nosso ajuste \u00e0s Leis Divinas.<\/p>\n<p>\u00c9 bastante ilustrativo que nas mocidades esp\u00edritas, em institui\u00e7\u00f5es bem orientadas, raros jovens viciam-se no fumo. N\u00e3o que sejam submetidos a r\u00edgidas discipli\u00adnas, a uma proibi\u00e7\u00e3o rigorosa. Simplesmente os mo\u00e7os s\u00e3o esclarecidos, durante anos, desde as aulas de evange\u00adliza\u00e7\u00e3o infantil, sobre o problema, preparando-se, inclu\u00adsive, para enfrentar as press\u00f5es do ambiente escolar, dos clubes sociais, das reuni\u00f5es com os amigos, onde o ado\u00adlescente adere ao v\u00edcio simplesmente para n\u00e3o se sentir deslocado, diferente, inseguro&#8230;<\/p>\n<p>Da\u00ed a import\u00e2ncia da inicia\u00e7\u00e3o religiosa em bases de escolaridade, desde a mais tenra inf\u00e2ncia, a fim de que o Esp\u00edrito que inicia a romagem terrena seja preparado pa\u00adra a observ\u00e2ncia das Leis Divinas, aproveitando integral\u00admente as oportunidades de edifica\u00e7\u00e3o da jornada huma\u00adna e vivenciando corretamente, na Universidade da Vi\u00adda, os grandes temas morais, sem fazer confus\u00f5es do tipo &#8220;cequessu&#8221;.<\/p>\n<p>(adapta\u00e7\u00e3o de texto do livro do m\u00eas)<\/td>\n<\/tr>\n<\/tbody>\n<\/table>\n","protected":false},"excerpt":{"rendered":"<p>Constitui\u00e7\u00e3o Divina Richard\u00a0 Simonetti &nbsp; \u00a0\u00a0\u00a0\u00a0\u00a0\u00a0\u00a0\u00a0\u00a0\u00a0\u00a0 &#8220;CEQUESSU&#8221; \u00a0 A dire\u00e7\u00e3o da faculdade decidira promover um debate sobre assuntos de atualidade, solicitando aos alunos que sugerissem, por escrito, os temas. Houve v\u00e1rias indica\u00e7\u00f5es: viol\u00eancia, infla\u00e7\u00e3o, t\u00f3xico, suic\u00eddio, loucura,&#8230; Uma delas era decididamente estranha: &#8220;cequessu&#8221;. Somente ap\u00f3s v\u00e1rias consultas, um velho professor de Portugu\u00eas, concluiu que aquele &hellip; <\/p>\n<p class=\"link-more\"><a href=\"https:\/\/geal.org.br\/juventude\/?p=1621\" class=\"more-link\">Continue lendo<span class=\"screen-reader-text\"> &#8220;LIVRO DE AGOSTO &#8211; 2019&#8221;<\/span><\/a><\/p>\n","protected":false},"author":1,"featured_media":0,"comment_status":"closed","ping_status":"open","sticky":false,"template":"","format":"standard","meta":[],"categories":[5],"tags":[],"_links":{"self":[{"href":"https:\/\/geal.org.br\/juventude\/index.php?rest_route=\/wp\/v2\/posts\/1621"}],"collection":[{"href":"https:\/\/geal.org.br\/juventude\/index.php?rest_route=\/wp\/v2\/posts"}],"about":[{"href":"https:\/\/geal.org.br\/juventude\/index.php?rest_route=\/wp\/v2\/types\/post"}],"author":[{"embeddable":true,"href":"https:\/\/geal.org.br\/juventude\/index.php?rest_route=\/wp\/v2\/users\/1"}],"replies":[{"embeddable":true,"href":"https:\/\/geal.org.br\/juventude\/index.php?rest_route=%2Fwp%2Fv2%2Fcomments&post=1621"}],"version-history":[{"count":1,"href":"https:\/\/geal.org.br\/juventude\/index.php?rest_route=\/wp\/v2\/posts\/1621\/revisions"}],"predecessor-version":[{"id":1622,"href":"https:\/\/geal.org.br\/juventude\/index.php?rest_route=\/wp\/v2\/posts\/1621\/revisions\/1622"}],"wp:attachment":[{"href":"https:\/\/geal.org.br\/juventude\/index.php?rest_route=%2Fwp%2Fv2%2Fmedia&parent=1621"}],"wp:term":[{"taxonomy":"category","embeddable":true,"href":"https:\/\/geal.org.br\/juventude\/index.php?rest_route=%2Fwp%2Fv2%2Fcategories&post=1621"},{"taxonomy":"post_tag","embeddable":true,"href":"https:\/\/geal.org.br\/juventude\/index.php?rest_route=%2Fwp%2Fv2%2Ftags&post=1621"}],"curies":[{"name":"wp","href":"https:\/\/api.w.org\/{rel}","templated":true}]}}