{"id":1630,"date":"2019-10-06T23:23:36","date_gmt":"2019-10-06T23:23:36","guid":{"rendered":"http:\/\/geal.org.br\/juventude\/?p=1630"},"modified":"2019-10-06T23:23:36","modified_gmt":"2019-10-06T23:23:36","slug":"oracao-dos-jovens","status":"publish","type":"post","link":"https:\/\/geal.org.br\/juventude\/?p=1630","title":{"rendered":"Ora\u00e7\u00e3o dos jovens"},"content":{"rendered":"<p>Mestre Amado!<\/p>\n<p>Aceita-nos o cora\u00e7\u00e3o em teu servi\u00e7o, e, Se\u00adnhor, n\u00e3o nos deixes sem a tua li\u00e7\u00e3o.<\/p>\n<p>Ensina-nos a obedecer na extens\u00e3o do bem, para que saibamos administrar para a gl\u00f3ria da vida.<\/p>\n<p>Corrige-nos o entusiasmo, a fim de que a paix\u00e3o inferior n\u00e3o nos destrua.<\/p>\n<p>Modera-nos a alegria, afastando-nos do pra\u00adzer vicioso.<\/p>\n<p>Retifica-nos o descanso, para que a ociosi\u00addade n\u00e3o nos domine.<\/p>\n<p>Auxilia-nos a gastar o Tesouro das Horas, distanciando-nos das trevas do Dia Perdido.<\/p>\n<p>Inspira-nos a coragem, sustando-nos a queda nos perigos da precipita\u00e7\u00e3o.<\/p>\n<p>Orienta-nos a defesa do Bem, do Direito e da Justi\u00e7a, a fim de que n\u00e3o nos convertamos em simples joguetes da maldade e da indisciplina.<\/p>\n<p>Dirige-nos os impulsos, para que a nossa for\u00e7a n\u00e3o seja mobilizada pelo mal.<\/p>\n<p>Ilumina-nos o entendimento, de modo a nos curvarmos, felizes, ante as sugest\u00f5es da Experi\u00eancia e da Sabedoria, a fim de que a humildade nos preserve contra as sombras do orgulho.<\/p>\n<p>Senhor Jesus, nosso Valoroso Mestre, aju\u00adda-nos a estar contigo, tanto quanto est\u00e1s conosco!<\/p>\n<p>Assim seja<\/p>\n<p>(Cap. 50 do livro do m\u00eas)<\/p>\n","protected":false},"excerpt":{"rendered":"<p>Mestre Amado! Aceita-nos o cora\u00e7\u00e3o em teu servi\u00e7o, e, Se\u00adnhor, n\u00e3o nos deixes sem a tua li\u00e7\u00e3o. Ensina-nos a obedecer na extens\u00e3o do bem, para que saibamos administrar para a gl\u00f3ria da vida. Corrige-nos o entusiasmo, a fim de que a paix\u00e3o inferior n\u00e3o nos destrua. Modera-nos a alegria, afastando-nos do pra\u00adzer vicioso. Retifica-nos o &hellip; <\/p>\n<p class=\"link-more\"><a href=\"https:\/\/geal.org.br\/juventude\/?p=1630\" class=\"more-link\">Continue lendo<span class=\"screen-reader-text\"> &#8220;Ora\u00e7\u00e3o dos jovens&#8221;<\/span><\/a><\/p>\n","protected":false},"author":1,"featured_media":0,"comment_status":"closed","ping_status":"open","sticky":false,"template":"","format":"standard","meta":[],"categories":[5],"tags":[],"_links":{"self":[{"href":"https:\/\/geal.org.br\/juventude\/index.php?rest_route=\/wp\/v2\/posts\/1630"}],"collection":[{"href":"https:\/\/geal.org.br\/juventude\/index.php?rest_route=\/wp\/v2\/posts"}],"about":[{"href":"https:\/\/geal.org.br\/juventude\/index.php?rest_route=\/wp\/v2\/types\/post"}],"author":[{"embeddable":true,"href":"https:\/\/geal.org.br\/juventude\/index.php?rest_route=\/wp\/v2\/users\/1"}],"replies":[{"embeddable":true,"href":"https:\/\/geal.org.br\/juventude\/index.php?rest_route=%2Fwp%2Fv2%2Fcomments&post=1630"}],"version-history":[{"count":1,"href":"https:\/\/geal.org.br\/juventude\/index.php?rest_route=\/wp\/v2\/posts\/1630\/revisions"}],"predecessor-version":[{"id":1631,"href":"https:\/\/geal.org.br\/juventude\/index.php?rest_route=\/wp\/v2\/posts\/1630\/revisions\/1631"}],"wp:attachment":[{"href":"https:\/\/geal.org.br\/juventude\/index.php?rest_route=%2Fwp%2Fv2%2Fmedia&parent=1630"}],"wp:term":[{"taxonomy":"category","embeddable":true,"href":"https:\/\/geal.org.br\/juventude\/index.php?rest_route=%2Fwp%2Fv2%2Fcategories&post=1630"},{"taxonomy":"post_tag","embeddable":true,"href":"https:\/\/geal.org.br\/juventude\/index.php?rest_route=%2Fwp%2Fv2%2Ftags&post=1630"}],"curies":[{"name":"wp","href":"https:\/\/api.w.org\/{rel}","templated":true}]}}