{"id":1632,"date":"2019-10-06T23:25:56","date_gmt":"2019-10-06T23:25:56","guid":{"rendered":"http:\/\/geal.org.br\/juventude\/?p=1632"},"modified":"2019-10-06T23:25:56","modified_gmt":"2019-10-06T23:25:56","slug":"livro-de-outubro-2019","status":"publish","type":"post","link":"https:\/\/geal.org.br\/juventude\/?p=1632","title":{"rendered":"LIVRO DE OUTUBRO &#8211; 2019"},"content":{"rendered":"<p style=\"text-align: center;\"><span style=\"color: #ff0000;\"><strong>Alvorada Crist\u00e3<\/strong><\/span><\/p>\n<p style=\"text-align: center;\"><span style=\"color: #0000ff;\"><strong>Neio L\u00facio <\/strong><\/span><\/p>\n<p style=\"text-align: center;\"><span style=\"color: #0000ff;\"><strong>psic. F.C. Xavier<\/strong><\/span><\/p>\n<p>&nbsp;<\/p>\n<table width=\"97%\">\n<tbody>\n<tr>\n<td width=\"675\">As p\u00e1ginas de Neio L\u00facio, consagradas \u00e0 mente juvenil em todos os padr\u00f5es da experi\u00eancia f\u00edsica, s\u00e3o, em verdade, valioso curso de ilumina\u00e7\u00e3o espiritual.<\/p>\n<p>Sementeira de princ\u00edpios renovadores, aqui encontramos avan\u00e7adas no\u00e7\u00f5es de justi\u00e7a e bondade para a eleva\u00e7\u00e3o da vida. E a luta terrestre, em seus fundamentos, ainda mesmo considerada no setor expiat\u00f3rio, resume-se na obra educativa para a eternidade.<\/p>\n<p>A instru\u00e7\u00e3o \u00e9, sem d\u00favida, a milagrosa alavanca do progresso. Sem ela, perseveraria a mente humana nos resvaladouros da ignor\u00e2ncia, confinada \u00e0 mis\u00e9ria, \u00e0 ociosidade, \u00e0 indig\u00eancia e ao infort\u00fanio, atrav\u00e9s da delinq\u00fc\u00eancia na pra\u00e7a p\u00fablica e da corre\u00e7\u00e3o na penitenci\u00e1ria.<\/p>\n<p>Mas n\u00e3o basta esclarecer a intelig\u00eancia, repetiremos ainda e sempre. \u00c9 imprescind\u00edvel aprefei\u00e7oar o cora\u00e7\u00e3o nos caminhos do bem.<\/p>\n<p>(&#8230;) Esquecer a inf\u00e2ncia e a juventude ser\u00e1 desprezar o futuro.<\/p>\n<p>Emmanuel<\/td>\n<\/tr>\n<\/tbody>\n<\/table>\n","protected":false},"excerpt":{"rendered":"<p>Alvorada Crist\u00e3 Neio L\u00facio psic. F.C. Xavier &nbsp; As p\u00e1ginas de Neio L\u00facio, consagradas \u00e0 mente juvenil em todos os padr\u00f5es da experi\u00eancia f\u00edsica, s\u00e3o, em verdade, valioso curso de ilumina\u00e7\u00e3o espiritual. Sementeira de princ\u00edpios renovadores, aqui encontramos avan\u00e7adas no\u00e7\u00f5es de justi\u00e7a e bondade para a eleva\u00e7\u00e3o da vida. E a luta terrestre, em seus &hellip; <\/p>\n<p class=\"link-more\"><a href=\"https:\/\/geal.org.br\/juventude\/?p=1632\" class=\"more-link\">Continue lendo<span class=\"screen-reader-text\"> &#8220;LIVRO DE OUTUBRO &#8211; 2019&#8221;<\/span><\/a><\/p>\n","protected":false},"author":1,"featured_media":0,"comment_status":"closed","ping_status":"open","sticky":false,"template":"","format":"standard","meta":[],"categories":[5],"tags":[],"_links":{"self":[{"href":"https:\/\/geal.org.br\/juventude\/index.php?rest_route=\/wp\/v2\/posts\/1632"}],"collection":[{"href":"https:\/\/geal.org.br\/juventude\/index.php?rest_route=\/wp\/v2\/posts"}],"about":[{"href":"https:\/\/geal.org.br\/juventude\/index.php?rest_route=\/wp\/v2\/types\/post"}],"author":[{"embeddable":true,"href":"https:\/\/geal.org.br\/juventude\/index.php?rest_route=\/wp\/v2\/users\/1"}],"replies":[{"embeddable":true,"href":"https:\/\/geal.org.br\/juventude\/index.php?rest_route=%2Fwp%2Fv2%2Fcomments&post=1632"}],"version-history":[{"count":1,"href":"https:\/\/geal.org.br\/juventude\/index.php?rest_route=\/wp\/v2\/posts\/1632\/revisions"}],"predecessor-version":[{"id":1633,"href":"https:\/\/geal.org.br\/juventude\/index.php?rest_route=\/wp\/v2\/posts\/1632\/revisions\/1633"}],"wp:attachment":[{"href":"https:\/\/geal.org.br\/juventude\/index.php?rest_route=%2Fwp%2Fv2%2Fmedia&parent=1632"}],"wp:term":[{"taxonomy":"category","embeddable":true,"href":"https:\/\/geal.org.br\/juventude\/index.php?rest_route=%2Fwp%2Fv2%2Fcategories&post=1632"},{"taxonomy":"post_tag","embeddable":true,"href":"https:\/\/geal.org.br\/juventude\/index.php?rest_route=%2Fwp%2Fv2%2Ftags&post=1632"}],"curies":[{"name":"wp","href":"https:\/\/api.w.org\/{rel}","templated":true}]}}