{"id":1635,"date":"2019-11-01T00:44:51","date_gmt":"2019-11-01T00:44:51","guid":{"rendered":"http:\/\/geal.org.br\/juventude\/?p=1635"},"modified":"2019-11-01T00:44:51","modified_gmt":"2019-11-01T00:44:51","slug":"aos-jovens-espiritas","status":"publish","type":"post","link":"https:\/\/geal.org.br\/juventude\/?p=1635","title":{"rendered":"Aos jovens esp\u00edritas"},"content":{"rendered":"<p>[&#8230;] aplaudimos a institui\u00e7\u00e3o disciplinada das juventudes e mocidades esp\u00edritas, pois sinceramente entendemos que ela \u00e9 um bem e muito auxiliar\u00e1 os mo\u00e7os a se firmarem para os gloriosos destinos espirituais, que muitos certamente alcan\u00e7ar\u00e3o em breve etapa. Todavia, \u00e9 bom raciocinar que essa institui\u00e7\u00e3o existiu desde os primeiros dias do Cristianismo e do Espiritismo, sen\u00e3o com a fei\u00e7\u00e3o hoje apreciada em nossa Doutrina, pelo menos significativamente estabelecida pela pr\u00f3pria legisla\u00e7\u00e3o celeste.<\/p>\n<p>Jo\u00e3o Evangelista contaria com 20 anos, na ocasi\u00e3o do Calv\u00e1rio&#8230;<\/p>\n<p>Jo\u00e3o Marcos, outro evangelista, era um rapazote ao tempo de Jesus&#8230;<\/p>\n<p>Est\u00eav\u00e3o, o primeiro martir do Cristianismo, era pouca mais que um adolescente, era pouco mais que um adolescente ao ser lapidado&#8230;<\/p>\n<p>Jovem tamb\u00e9m era o grande Paulo de Tarso, ao se dedicar \u00e0 causa de Jesus para todo o sempre&#8230;<\/p>\n<p>Francisco de Assis, chamado \u201cO Cristo da Idade M\u00e9dia\u201d, contava com 20 anos de idade quando vozes espirituais o advertiram, lembrando-lhe os compromissos firmados com o Senhor, ao reencarnar&#8230;<\/p>\n<p>Jovem de 18 primaveras foi Joana d\u2019Arc, fugura inconfund\u00edvel do in\u00edco da Renascen\u00e7a&#8230;<\/p>\n<p>A hist\u00f3ria do Espiritismo n\u00e3o \u00e9 menos significativa, com a impressionante falange de juventude e mocidade convocada para os misteres da Revela\u00e7\u00e3o celeste: jovens de 14 e 15 anos foram as irm\u00e3s Fox, m\u00e9diuns de Hydesville; Japhet, Aline e Boudin, jovens que serviram de instrumento medi\u00fanico a Allan Kardec;<\/p>\n<p>Entre inumeros jovens outros que poder\u00edamos citar temos Leopoldo Cirne, que aos 21 anos, foi eleito vice-presidente e, aos 31, presidente da Federa\u00e7\u00e3o Esp\u00edrita Brasileira.<\/p>\n<p>Que Deus vos aben\u00e7oe, pois, jovems esp\u00edritas! Tende a m\u00e3o no arado para lavrar os multiplos campos da Seara Esp\u00edrita. O futuro vos espera, fremente de esperan\u00e7as!<\/p>\n<p style=\"text-align: right;\">(trecho do livro do m\u00eas)<\/p>\n","protected":false},"excerpt":{"rendered":"<p>[&#8230;] aplaudimos a institui\u00e7\u00e3o disciplinada das juventudes e mocidades esp\u00edritas, pois sinceramente entendemos que ela \u00e9 um bem e muito auxiliar\u00e1 os mo\u00e7os a se firmarem para os gloriosos destinos espirituais, que muitos certamente alcan\u00e7ar\u00e3o em breve etapa. Todavia, \u00e9 bom raciocinar que essa institui\u00e7\u00e3o existiu desde os primeiros dias do Cristianismo e do Espiritismo, &hellip; <\/p>\n<p class=\"link-more\"><a href=\"https:\/\/geal.org.br\/juventude\/?p=1635\" class=\"more-link\">Continue lendo<span class=\"screen-reader-text\"> &#8220;Aos jovens esp\u00edritas&#8221;<\/span><\/a><\/p>\n","protected":false},"author":1,"featured_media":0,"comment_status":"closed","ping_status":"open","sticky":false,"template":"","format":"standard","meta":[],"categories":[5],"tags":[],"_links":{"self":[{"href":"https:\/\/geal.org.br\/juventude\/index.php?rest_route=\/wp\/v2\/posts\/1635"}],"collection":[{"href":"https:\/\/geal.org.br\/juventude\/index.php?rest_route=\/wp\/v2\/posts"}],"about":[{"href":"https:\/\/geal.org.br\/juventude\/index.php?rest_route=\/wp\/v2\/types\/post"}],"author":[{"embeddable":true,"href":"https:\/\/geal.org.br\/juventude\/index.php?rest_route=\/wp\/v2\/users\/1"}],"replies":[{"embeddable":true,"href":"https:\/\/geal.org.br\/juventude\/index.php?rest_route=%2Fwp%2Fv2%2Fcomments&post=1635"}],"version-history":[{"count":1,"href":"https:\/\/geal.org.br\/juventude\/index.php?rest_route=\/wp\/v2\/posts\/1635\/revisions"}],"predecessor-version":[{"id":1636,"href":"https:\/\/geal.org.br\/juventude\/index.php?rest_route=\/wp\/v2\/posts\/1635\/revisions\/1636"}],"wp:attachment":[{"href":"https:\/\/geal.org.br\/juventude\/index.php?rest_route=%2Fwp%2Fv2%2Fmedia&parent=1635"}],"wp:term":[{"taxonomy":"category","embeddable":true,"href":"https:\/\/geal.org.br\/juventude\/index.php?rest_route=%2Fwp%2Fv2%2Fcategories&post=1635"},{"taxonomy":"post_tag","embeddable":true,"href":"https:\/\/geal.org.br\/juventude\/index.php?rest_route=%2Fwp%2Fv2%2Ftags&post=1635"}],"curies":[{"name":"wp","href":"https:\/\/api.w.org\/{rel}","templated":true}]}}