{"id":1637,"date":"2019-11-01T00:46:52","date_gmt":"2019-11-01T00:46:52","guid":{"rendered":"http:\/\/geal.org.br\/juventude\/?p=1637"},"modified":"2019-11-01T00:46:52","modified_gmt":"2019-11-01T00:46:52","slug":"livro-de-novembro-2019","status":"publish","type":"post","link":"https:\/\/geal.org.br\/juventude\/?p=1637","title":{"rendered":"LIVRO DE NOVEMBRO \u2013 2019"},"content":{"rendered":"<p style=\"text-align: center;\"><span style=\"color: #ff0000;\">\u00a0<strong>\u00c0 luz do Consolador <\/strong><\/span><\/p>\n<p style=\"text-align: center;\"><span style=\"color: #0000ff;\"><strong>Yvonne A. Pereira<\/strong><\/span><\/p>\n<p><strong>\u00a0<\/strong><\/p>\n<p>Este livro \u00e9 composto de um conjunto de artigos da m\u00e9dium Yvonne A. Pereira, publicados no mens\u00e1rio Reformador da FEB entre os anos de 1960 e 1980. S\u00e3o substanciosas pe\u00e7as estruturadas num excelente e sempre atual conte\u00fado doutrinario, de onde retiramos trechos de uma de suas paginas entituada \u201cAos jovens esp\u00edritas\u201d para ilustrar seu conte\u00fado, em particular, aos pr\u00f3prios jovens.<\/p>\n","protected":false},"excerpt":{"rendered":"<p>\u00a0\u00c0 luz do Consolador Yvonne A. Pereira \u00a0 Este livro \u00e9 composto de um conjunto de artigos da m\u00e9dium Yvonne A. Pereira, publicados no mens\u00e1rio Reformador da FEB entre os anos de 1960 e 1980. S\u00e3o substanciosas pe\u00e7as estruturadas num excelente e sempre atual conte\u00fado doutrinario, de onde retiramos trechos de uma de suas paginas &hellip; <\/p>\n<p class=\"link-more\"><a href=\"https:\/\/geal.org.br\/juventude\/?p=1637\" class=\"more-link\">Continue lendo<span class=\"screen-reader-text\"> &#8220;LIVRO DE NOVEMBRO \u2013 2019&#8221;<\/span><\/a><\/p>\n","protected":false},"author":1,"featured_media":0,"comment_status":"closed","ping_status":"open","sticky":false,"template":"","format":"standard","meta":[],"categories":[5],"tags":[],"_links":{"self":[{"href":"https:\/\/geal.org.br\/juventude\/index.php?rest_route=\/wp\/v2\/posts\/1637"}],"collection":[{"href":"https:\/\/geal.org.br\/juventude\/index.php?rest_route=\/wp\/v2\/posts"}],"about":[{"href":"https:\/\/geal.org.br\/juventude\/index.php?rest_route=\/wp\/v2\/types\/post"}],"author":[{"embeddable":true,"href":"https:\/\/geal.org.br\/juventude\/index.php?rest_route=\/wp\/v2\/users\/1"}],"replies":[{"embeddable":true,"href":"https:\/\/geal.org.br\/juventude\/index.php?rest_route=%2Fwp%2Fv2%2Fcomments&post=1637"}],"version-history":[{"count":1,"href":"https:\/\/geal.org.br\/juventude\/index.php?rest_route=\/wp\/v2\/posts\/1637\/revisions"}],"predecessor-version":[{"id":1638,"href":"https:\/\/geal.org.br\/juventude\/index.php?rest_route=\/wp\/v2\/posts\/1637\/revisions\/1638"}],"wp:attachment":[{"href":"https:\/\/geal.org.br\/juventude\/index.php?rest_route=%2Fwp%2Fv2%2Fmedia&parent=1637"}],"wp:term":[{"taxonomy":"category","embeddable":true,"href":"https:\/\/geal.org.br\/juventude\/index.php?rest_route=%2Fwp%2Fv2%2Fcategories&post=1637"},{"taxonomy":"post_tag","embeddable":true,"href":"https:\/\/geal.org.br\/juventude\/index.php?rest_route=%2Fwp%2Fv2%2Ftags&post=1637"}],"curies":[{"name":"wp","href":"https:\/\/api.w.org\/{rel}","templated":true}]}}