{"id":1656,"date":"2020-03-02T22:37:41","date_gmt":"2020-03-02T22:37:41","guid":{"rendered":"http:\/\/geal.org.br\/juventude\/?p=1656"},"modified":"2020-03-02T22:38:36","modified_gmt":"2020-03-02T22:38:36","slug":"mocidade-e-evangelho-2","status":"publish","type":"post","link":"https:\/\/geal.org.br\/juventude\/?p=1656","title":{"rendered":"Mocidade e Evangelho"},"content":{"rendered":"<p style=\"text-align: left;\"><strong>A Boa Nova \u00e9 a mensagem de paz que o Mestre dirige, tamb\u00e9m, ao cora\u00e7\u00e3o da mocidade, convidando-a a colaborar na edifica\u00e7\u00e3o do seu Reino, a contribuir no esfor\u00e7o de transforma\u00e7\u00e3o da fisionomia moral do mundo.<\/strong><\/p>\n<p style=\"text-align: center;\"><strong>(&#8230;)<\/strong><\/p>\n<p style=\"text-align: left;\"><strong>\u00a0Somente o Evangelho \u2013 meditemos bem \u2013 solucionar\u00e1 o problema evolutivo da humanidade.<\/strong><\/p>\n<p style=\"text-align: left;\"><strong>Onde houver Evangelho, sentido e vivido, haver\u00e1 caridade e perd\u00e3o, cessando, assim, disc\u00f3rdias e desintelig\u00eancias.<\/strong><\/p>\n<p style=\"text-align: center;\"><strong>(&#8230;)<\/strong><\/p>\n<p style=\"text-align: left;\"><strong>Ao influxo do amor, as ervas daninhas n\u00e3o vicejar\u00e3o.<\/strong><\/p>\n<p style=\"text-align: left;\"><strong>Espalhada a Boa Nova, difundidos os ensinos evang\u00e9licos, atrav\u00e9s da palavra falada e escrita e dos exemplos edificantes, a luz divina da grande L\u00e2mpada clarear\u00e1 consci\u00eancias e confortar\u00e1 cora\u00e7\u00f5es em todos os recantos da Terra.<\/strong><\/p>\n<p style=\"text-align: center;\"><strong>(&#8230;)<\/strong><\/p>\n<p style=\"text-align: left;\"><strong>Lembremos, pois, a recomenda\u00e7\u00e3o de Paulo ao mo\u00e7o Tim\u00f3teo, encoranjando-o com amor: <em>\u201cTu, pois, filho meu, fortifica-te na gra\u00e7a que est\u00e1 em Cristo Jesus\u201d.(II Tim\u00f3teo, 2:1)<\/em> <\/strong><\/p>\n<p style=\"text-align: center;\"><strong>(&#8230;)<\/strong><\/p>\n<p style=\"text-align: left;\"><strong>As reformas t\u00eam que decorrer, precipuamente, do indiv\u00edduo para a sociedade.<\/strong><\/p>\n<p style=\"text-align: left;\"><strong>Da unidade para o conjunto, do simples para o composto.<\/strong><\/p>\n<p style=\"text-align: left;\"><strong>Do homem para a fam\u00edlia, grupos e coletividades.<\/strong><\/p>\n<p style=\"text-align: left;\"><strong>N\u00e3o se dar\u00e3o, em tempo algum, de fora para dentro, da periferia para o centro.<\/strong><\/p>\n<p style=\"text-align: left;\"><strong>Resultam \u2013 ou ter\u00e3o que resultar \u2013 da claridade interna, da modifica\u00e7\u00e3o \u00edntima.<\/strong><\/p>\n<p style=\"text-align: left;\"><strong>Os mo\u00e7os esp\u00edritas de hoje edificar\u00e3o, com o Evangelho, a reforma dos costumes, a fim de que possa Jesus dizer, um dia: <em>\u201cO meu Reino j\u00e1 \u00e9 deste mundo<\/em>\u201d.<\/strong><\/p>\n<p style=\"text-align: right;\"><strong>(Trechos do cap. 31 do livro do m\u00eas)<\/strong><\/p>\n","protected":false},"excerpt":{"rendered":"<p>A Boa Nova \u00e9 a mensagem de paz que o Mestre dirige, tamb\u00e9m, ao cora\u00e7\u00e3o da mocidade, convidando-a a colaborar na edifica\u00e7\u00e3o do seu Reino, a contribuir no esfor\u00e7o de transforma\u00e7\u00e3o da fisionomia moral do mundo. (&#8230;) \u00a0Somente o Evangelho \u2013 meditemos bem \u2013 solucionar\u00e1 o problema evolutivo da humanidade. Onde houver Evangelho, sentido e &hellip; <\/p>\n<p class=\"link-more\"><a href=\"https:\/\/geal.org.br\/juventude\/?p=1656\" class=\"more-link\">Continue lendo<span class=\"screen-reader-text\"> &#8220;Mocidade e Evangelho&#8221;<\/span><\/a><\/p>\n","protected":false},"author":1,"featured_media":0,"comment_status":"closed","ping_status":"open","sticky":false,"template":"","format":"standard","meta":[],"categories":[5],"tags":[],"_links":{"self":[{"href":"https:\/\/geal.org.br\/juventude\/index.php?rest_route=\/wp\/v2\/posts\/1656"}],"collection":[{"href":"https:\/\/geal.org.br\/juventude\/index.php?rest_route=\/wp\/v2\/posts"}],"about":[{"href":"https:\/\/geal.org.br\/juventude\/index.php?rest_route=\/wp\/v2\/types\/post"}],"author":[{"embeddable":true,"href":"https:\/\/geal.org.br\/juventude\/index.php?rest_route=\/wp\/v2\/users\/1"}],"replies":[{"embeddable":true,"href":"https:\/\/geal.org.br\/juventude\/index.php?rest_route=%2Fwp%2Fv2%2Fcomments&post=1656"}],"version-history":[{"count":2,"href":"https:\/\/geal.org.br\/juventude\/index.php?rest_route=\/wp\/v2\/posts\/1656\/revisions"}],"predecessor-version":[{"id":1658,"href":"https:\/\/geal.org.br\/juventude\/index.php?rest_route=\/wp\/v2\/posts\/1656\/revisions\/1658"}],"wp:attachment":[{"href":"https:\/\/geal.org.br\/juventude\/index.php?rest_route=%2Fwp%2Fv2%2Fmedia&parent=1656"}],"wp:term":[{"taxonomy":"category","embeddable":true,"href":"https:\/\/geal.org.br\/juventude\/index.php?rest_route=%2Fwp%2Fv2%2Fcategories&post=1656"},{"taxonomy":"post_tag","embeddable":true,"href":"https:\/\/geal.org.br\/juventude\/index.php?rest_route=%2Fwp%2Fv2%2Ftags&post=1656"}],"curies":[{"name":"wp","href":"https:\/\/api.w.org\/{rel}","templated":true}]}}