{"id":1660,"date":"2020-04-02T00:05:39","date_gmt":"2020-04-02T00:05:39","guid":{"rendered":"http:\/\/geal.org.br\/juventude\/?p=1660"},"modified":"2020-04-02T00:07:10","modified_gmt":"2020-04-02T00:07:10","slug":"livro-de-abril-2020","status":"publish","type":"post","link":"https:\/\/geal.org.br\/juventude\/?p=1660","title":{"rendered":"LIVRO DE ABRIL &#8211; 2020"},"content":{"rendered":"<p>Decidimos repetir o livro sugerido no m\u00eas de mar\u00e7o, ESTUDANDO O EVANGELHO, pois nunca o mundo precisou tanto do Evangelho de Jesus como agora nesses momentos de pandemia.<br \/>\nNeste livro, o autor nos apresenta um estudo substancial sobre a necessidade da viv\u00eancia dos ensinos evang\u00e9licos nos atuais momentos da vida humana, assinalados pelas importantes modifica\u00e7\u00f5es por que passa a sociedade<br \/>\nplanet\u00e1ria.<br \/>\nConceitos e frases do Novo Testamento recebem coment\u00e1rios e interpreta\u00e7\u00f5es \u00e0 luz da Doutrina Esp\u00edrita, adquirindo beleza e a\u00e7\u00e3o<br \/>\nmultiplicada.<br \/>\nEm 58 cap\u00edtulos, s\u00e3o desenvolvidos temas como: mocidade e trabalho; reencarna\u00e7\u00e3o<\/p>\n","protected":false},"excerpt":{"rendered":"<p>Decidimos repetir o livro sugerido no m\u00eas de mar\u00e7o, ESTUDANDO O EVANGELHO, pois nunca o mundo precisou tanto do Evangelho de Jesus como agora nesses momentos de pandemia. Neste livro, o autor nos apresenta um estudo substancial sobre a necessidade da viv\u00eancia dos ensinos evang\u00e9licos nos atuais momentos da vida humana, assinalados pelas importantes modifica\u00e7\u00f5es &hellip; <\/p>\n<p class=\"link-more\"><a href=\"https:\/\/geal.org.br\/juventude\/?p=1660\" class=\"more-link\">Continue lendo<span class=\"screen-reader-text\"> &#8220;LIVRO DE ABRIL &#8211; 2020&#8221;<\/span><\/a><\/p>\n","protected":false},"author":1,"featured_media":0,"comment_status":"closed","ping_status":"open","sticky":false,"template":"","format":"standard","meta":[],"categories":[5],"tags":[],"_links":{"self":[{"href":"https:\/\/geal.org.br\/juventude\/index.php?rest_route=\/wp\/v2\/posts\/1660"}],"collection":[{"href":"https:\/\/geal.org.br\/juventude\/index.php?rest_route=\/wp\/v2\/posts"}],"about":[{"href":"https:\/\/geal.org.br\/juventude\/index.php?rest_route=\/wp\/v2\/types\/post"}],"author":[{"embeddable":true,"href":"https:\/\/geal.org.br\/juventude\/index.php?rest_route=\/wp\/v2\/users\/1"}],"replies":[{"embeddable":true,"href":"https:\/\/geal.org.br\/juventude\/index.php?rest_route=%2Fwp%2Fv2%2Fcomments&post=1660"}],"version-history":[{"count":3,"href":"https:\/\/geal.org.br\/juventude\/index.php?rest_route=\/wp\/v2\/posts\/1660\/revisions"}],"predecessor-version":[{"id":1663,"href":"https:\/\/geal.org.br\/juventude\/index.php?rest_route=\/wp\/v2\/posts\/1660\/revisions\/1663"}],"wp:attachment":[{"href":"https:\/\/geal.org.br\/juventude\/index.php?rest_route=%2Fwp%2Fv2%2Fmedia&parent=1660"}],"wp:term":[{"taxonomy":"category","embeddable":true,"href":"https:\/\/geal.org.br\/juventude\/index.php?rest_route=%2Fwp%2Fv2%2Fcategories&post=1660"},{"taxonomy":"post_tag","embeddable":true,"href":"https:\/\/geal.org.br\/juventude\/index.php?rest_route=%2Fwp%2Fv2%2Ftags&post=1660"}],"curies":[{"name":"wp","href":"https:\/\/api.w.org\/{rel}","templated":true}]}}