{"id":1669,"date":"2020-05-04T12:28:17","date_gmt":"2020-05-04T12:28:17","guid":{"rendered":"http:\/\/geal.org.br\/juventude\/?p=1669"},"modified":"2020-05-11T12:47:22","modified_gmt":"2020-05-11T12:47:22","slug":"transicao","status":"publish","type":"post","link":"https:\/\/geal.org.br\/juventude\/?p=1669","title":{"rendered":"Transi\u00e7\u00e3o"},"content":{"rendered":"<p><strong><em>150 \u2013 \u00c9 poss\u00edvel que os espiritistas venham a sofrer perturba\u00e7\u00f5es depois da morte?<\/em><\/strong><br \/>\n\u2013 A morte n\u00e3o apresenta perturba\u00e7\u00f5es \u00e0 consci\u00eancia reta e ao cora\u00e7\u00e3o amante da verdade e do amor dos que viveram na Terra t\u00e3o somente para o cultivo da pr\u00e1tica do bem, nas suas variadas formas e dentro das mais diversas cren\u00e7as.<br \/>\nQue o espiritista crist\u00e3o n\u00e3o considere o seu t\u00edtulo de aprendiz de Jesus como um simples r\u00f3tulo, ponderando a exorta\u00e7\u00e3o evang\u00e9lica \u2013 \u201cmuito se pedir\u00e1 de quem muito recebeu\u201d,\u00a0 preparando-se nos conhecimentos e nas obras do bem, dentro das experi\u00eancias do mundo para a sua vida futura, quando a noite do t\u00famulo houver descerrado aos seus olhos espirituais a vis\u00e3o da verdade, em marcha para as realiza\u00e7\u00f5es da vida imortal.<\/p>\n<p><em><strong>151 \u2013 O Esp\u00edrito desencarnado pode sofrer com a crema\u00e7\u00e3o dos elementos cadav\u00e9ricos?<\/strong><\/em><br \/>\n\u2013 Na crema\u00e7\u00e3o, faz-se mister exercer a piedade com os cad\u00e1veres, procrastinando por mais horas o ato de destrui\u00e7\u00e3o das v\u00edsceras materiais, pois, de certo modo, existem sempre muitos ecos de sensibilidade entre o Esp\u00edrito desencarnado e o corpo onde se extinguiu o \u201ct\u00f4nus vital\u201d, nas primeiras horas sequentes ao desenlace, em vista dos fluidos org\u00e2nicos que ainda solicitam a alma para as sensa\u00e7\u00f5es da exist\u00eancia material.<\/p>\n<p style=\"text-align: right;\">(perguntas do livro do m\u00eas)<\/p>\n","protected":false},"excerpt":{"rendered":"<p>150 \u2013 \u00c9 poss\u00edvel que os espiritistas venham a sofrer perturba\u00e7\u00f5es depois da morte? \u2013 A morte n\u00e3o apresenta perturba\u00e7\u00f5es \u00e0 consci\u00eancia reta e ao cora\u00e7\u00e3o amante da verdade e do amor dos que viveram na Terra t\u00e3o somente para o cultivo da pr\u00e1tica do bem, nas suas variadas formas e dentro das mais diversas &hellip; <\/p>\n<p class=\"link-more\"><a href=\"https:\/\/geal.org.br\/juventude\/?p=1669\" class=\"more-link\">Continue lendo<span class=\"screen-reader-text\"> &#8220;Transi\u00e7\u00e3o&#8221;<\/span><\/a><\/p>\n","protected":false},"author":1,"featured_media":0,"comment_status":"closed","ping_status":"open","sticky":false,"template":"","format":"standard","meta":[],"categories":[5],"tags":[],"_links":{"self":[{"href":"https:\/\/geal.org.br\/juventude\/index.php?rest_route=\/wp\/v2\/posts\/1669"}],"collection":[{"href":"https:\/\/geal.org.br\/juventude\/index.php?rest_route=\/wp\/v2\/posts"}],"about":[{"href":"https:\/\/geal.org.br\/juventude\/index.php?rest_route=\/wp\/v2\/types\/post"}],"author":[{"embeddable":true,"href":"https:\/\/geal.org.br\/juventude\/index.php?rest_route=\/wp\/v2\/users\/1"}],"replies":[{"embeddable":true,"href":"https:\/\/geal.org.br\/juventude\/index.php?rest_route=%2Fwp%2Fv2%2Fcomments&post=1669"}],"version-history":[{"count":4,"href":"https:\/\/geal.org.br\/juventude\/index.php?rest_route=\/wp\/v2\/posts\/1669\/revisions"}],"predecessor-version":[{"id":1673,"href":"https:\/\/geal.org.br\/juventude\/index.php?rest_route=\/wp\/v2\/posts\/1669\/revisions\/1673"}],"wp:attachment":[{"href":"https:\/\/geal.org.br\/juventude\/index.php?rest_route=%2Fwp%2Fv2%2Fmedia&parent=1669"}],"wp:term":[{"taxonomy":"category","embeddable":true,"href":"https:\/\/geal.org.br\/juventude\/index.php?rest_route=%2Fwp%2Fv2%2Fcategories&post=1669"},{"taxonomy":"post_tag","embeddable":true,"href":"https:\/\/geal.org.br\/juventude\/index.php?rest_route=%2Fwp%2Fv2%2Ftags&post=1669"}],"curies":[{"name":"wp","href":"https:\/\/api.w.org\/{rel}","templated":true}]}}