{"id":1675,"date":"2020-06-02T02:27:13","date_gmt":"2020-06-02T02:27:13","guid":{"rendered":"http:\/\/geal.org.br\/juventude\/?p=1675"},"modified":"2020-06-02T02:27:13","modified_gmt":"2020-06-02T02:27:13","slug":"livro-de-junho-2020","status":"publish","type":"post","link":"https:\/\/geal.org.br\/juventude\/?p=1675","title":{"rendered":"LIVRO DE JUNHO &#8211; 2020"},"content":{"rendered":"<p style=\"text-align: center;\"><span style=\"color: #ff0000;\"><strong>A Caminho da Luz<\/strong><\/span><\/p>\n<p style=\"text-align: center;\"><strong><span style=\"color: #0000ff;\">Emmanuel \u2013 psic. F.C.Xavier<\/span><\/strong><\/p>\n<p>&nbsp;<\/p>\n<p>Um dos temas estudado na JEAG no m\u00eas de maio foi \u201cOs exilados de Capela\u201d. Foi um estudo muito interessante onde conhecemos a trajet\u00f3ria de um grande grupo de Esp\u00edritos que foram exilados de sua habita\u00e7\u00e3o planet\u00e1ria para trabalharem, em expia\u00e7\u00e3o, como auxiliares na Terra em sua fase de forma\u00e7\u00e3o ainda primitiva.<\/p>\n<p>Emmanuel, neste livro traz-nos esta informa\u00e7\u00e3o, pela via medi\u00fanica fiel de Francisco C, Xavier no ano de 1939. Mas oferece-nos tamb\u00e9m uma vis\u00e3o resumida de toda a hist\u00f3ria de nosso planeta sob a \u00f3tica espiritual, desde os tempos remotos at\u00e9 os dias atuais.<\/p>\n<p>Esta vis\u00e3o oferece-nos um entendimento claro do que estamos vivendo hoje nestes dias de transi\u00e7\u00e3o planet\u00e1ria.<\/p>\n","protected":false},"excerpt":{"rendered":"<p>A Caminho da Luz Emmanuel \u2013 psic. F.C.Xavier &nbsp; Um dos temas estudado na JEAG no m\u00eas de maio foi \u201cOs exilados de Capela\u201d. Foi um estudo muito interessante onde conhecemos a trajet\u00f3ria de um grande grupo de Esp\u00edritos que foram exilados de sua habita\u00e7\u00e3o planet\u00e1ria para trabalharem, em expia\u00e7\u00e3o, como auxiliares na Terra em &hellip; <\/p>\n<p class=\"link-more\"><a href=\"https:\/\/geal.org.br\/juventude\/?p=1675\" class=\"more-link\">Continue lendo<span class=\"screen-reader-text\"> &#8220;LIVRO DE JUNHO &#8211; 2020&#8221;<\/span><\/a><\/p>\n","protected":false},"author":1,"featured_media":0,"comment_status":"closed","ping_status":"open","sticky":false,"template":"","format":"standard","meta":[],"categories":[5],"tags":[],"_links":{"self":[{"href":"https:\/\/geal.org.br\/juventude\/index.php?rest_route=\/wp\/v2\/posts\/1675"}],"collection":[{"href":"https:\/\/geal.org.br\/juventude\/index.php?rest_route=\/wp\/v2\/posts"}],"about":[{"href":"https:\/\/geal.org.br\/juventude\/index.php?rest_route=\/wp\/v2\/types\/post"}],"author":[{"embeddable":true,"href":"https:\/\/geal.org.br\/juventude\/index.php?rest_route=\/wp\/v2\/users\/1"}],"replies":[{"embeddable":true,"href":"https:\/\/geal.org.br\/juventude\/index.php?rest_route=%2Fwp%2Fv2%2Fcomments&post=1675"}],"version-history":[{"count":1,"href":"https:\/\/geal.org.br\/juventude\/index.php?rest_route=\/wp\/v2\/posts\/1675\/revisions"}],"predecessor-version":[{"id":1676,"href":"https:\/\/geal.org.br\/juventude\/index.php?rest_route=\/wp\/v2\/posts\/1675\/revisions\/1676"}],"wp:attachment":[{"href":"https:\/\/geal.org.br\/juventude\/index.php?rest_route=%2Fwp%2Fv2%2Fmedia&parent=1675"}],"wp:term":[{"taxonomy":"category","embeddable":true,"href":"https:\/\/geal.org.br\/juventude\/index.php?rest_route=%2Fwp%2Fv2%2Fcategories&post=1675"},{"taxonomy":"post_tag","embeddable":true,"href":"https:\/\/geal.org.br\/juventude\/index.php?rest_route=%2Fwp%2Fv2%2Ftags&post=1675"}],"curies":[{"name":"wp","href":"https:\/\/api.w.org\/{rel}","templated":true}]}}