{"id":1677,"date":"2020-06-02T02:30:12","date_gmt":"2020-06-02T02:30:12","guid":{"rendered":"http:\/\/geal.org.br\/juventude\/?p=1677"},"modified":"2020-06-02T02:30:12","modified_gmt":"2020-06-02T02:30:12","slug":"exilados-de-capela","status":"publish","type":"post","link":"https:\/\/geal.org.br\/juventude\/?p=1677","title":{"rendered":"EXILADOS DE CAPELA"},"content":{"rendered":"<p><strong>Aqueles seres deca\u00eddos e degradados, a maneira de suas vidas passadas no mundo distante da Capela, com o transcurso dos anos reuniram-se em quatro grandes grupos que se fixaram depois nos povos mais antigos, obedecendo \u00e0s afinidades sentimentais e lingu\u00edsticas que os associavam na constela\u00e7\u00e3o do Cocheiro. Unidos, novamente, na esteira do Tempo, formaram desse modo o grupo dos \u00e1rias, a civiliza\u00e7\u00e3o do Egito, o povo de Israel e as castas da \u00cdndia.<\/strong><\/p>\n<p><strong>Dos \u00e1rias descende a maioria dos povos brancos da fam\u00edlia indo-europ\u00e9ia nessa descend\u00eancia, por\u00e9m, \u00e9 necess\u00e1rio incluir os latinos, os celtas e os gregos, al\u00e9m dos germanos e dos eslavos.<\/strong><\/p>\n<p><strong>As quatro grandes massas de degredados formaram os pr\u00f3dromos de toda a organiza\u00e7\u00e3o das civiliza\u00e7\u00f5es futuras, introduzindo os mais largos benef\u00edcios no seio da ra\u00e7a amarela e da ra\u00e7a negra, que j\u00e1 existiam.<\/strong><\/p>\n<p><strong>Tendo ouvido a palavra do Divino Mestre antes de se estabelecerem no mundo, as ra\u00e7as ad\u00e2micas, nos seus grupos insulados, guardaram a reminisc\u00eancia das promessas do Cristo, que, por sua vez, as fortaleceu no seio das massas, enviando-lhes periodicamente os seus mission\u00e1rios e mensageiros.<\/strong><\/p>\n<p><strong>Eis porque as epop\u00e9ias do Evangelho foram previstas e cantadas alguns mil\u00eanios antes da vinda do Sublime Emiss\u00e1rio.<\/strong><\/p>\n<p><strong>Os enviados do Infinito falaram, na China milen\u00e1ria, da celeste figura do Salvador, muitos s\u00e9culos antes do advento de Jesus. Os iniciados do Egito esperavam-no com as suas profecias. Na P\u00e9rsia, idealizaram a sua trajet\u00f3ria, antevendo-lhe os passos nos caminhos do porvir; na \u00cdndia v\u00e9dica, era conhecida quase toda a hist\u00f3ria evang\u00e9lica, que o sol dos mil\u00eanios futuros iluminaria na regi\u00e3o escabrosa da Palestina, e o povo de Israel, durante muitos s\u00e9culos, cantou-lhe as gl\u00f3rias divinas, na exalta\u00e7\u00e3o do amor e da resigna\u00e7\u00e3o, da piedade e do mart\u00edrio, atrav\u00e9s da palavra de seus profetas mais eminentes.<\/strong><\/p>\n<p>(trecho do cap. III do livro do m\u00eas)<\/p>\n","protected":false},"excerpt":{"rendered":"<p>Aqueles seres deca\u00eddos e degradados, a maneira de suas vidas passadas no mundo distante da Capela, com o transcurso dos anos reuniram-se em quatro grandes grupos que se fixaram depois nos povos mais antigos, obedecendo \u00e0s afinidades sentimentais e lingu\u00edsticas que os associavam na constela\u00e7\u00e3o do Cocheiro. Unidos, novamente, na esteira do Tempo, formaram desse &hellip; <\/p>\n<p class=\"link-more\"><a href=\"https:\/\/geal.org.br\/juventude\/?p=1677\" class=\"more-link\">Continue lendo<span class=\"screen-reader-text\"> &#8220;EXILADOS DE CAPELA&#8221;<\/span><\/a><\/p>\n","protected":false},"author":1,"featured_media":0,"comment_status":"closed","ping_status":"open","sticky":false,"template":"","format":"standard","meta":[],"categories":[5],"tags":[],"_links":{"self":[{"href":"https:\/\/geal.org.br\/juventude\/index.php?rest_route=\/wp\/v2\/posts\/1677"}],"collection":[{"href":"https:\/\/geal.org.br\/juventude\/index.php?rest_route=\/wp\/v2\/posts"}],"about":[{"href":"https:\/\/geal.org.br\/juventude\/index.php?rest_route=\/wp\/v2\/types\/post"}],"author":[{"embeddable":true,"href":"https:\/\/geal.org.br\/juventude\/index.php?rest_route=\/wp\/v2\/users\/1"}],"replies":[{"embeddable":true,"href":"https:\/\/geal.org.br\/juventude\/index.php?rest_route=%2Fwp%2Fv2%2Fcomments&post=1677"}],"version-history":[{"count":1,"href":"https:\/\/geal.org.br\/juventude\/index.php?rest_route=\/wp\/v2\/posts\/1677\/revisions"}],"predecessor-version":[{"id":1678,"href":"https:\/\/geal.org.br\/juventude\/index.php?rest_route=\/wp\/v2\/posts\/1677\/revisions\/1678"}],"wp:attachment":[{"href":"https:\/\/geal.org.br\/juventude\/index.php?rest_route=%2Fwp%2Fv2%2Fmedia&parent=1677"}],"wp:term":[{"taxonomy":"category","embeddable":true,"href":"https:\/\/geal.org.br\/juventude\/index.php?rest_route=%2Fwp%2Fv2%2Fcategories&post=1677"},{"taxonomy":"post_tag","embeddable":true,"href":"https:\/\/geal.org.br\/juventude\/index.php?rest_route=%2Fwp%2Fv2%2Ftags&post=1677"}],"curies":[{"name":"wp","href":"https:\/\/api.w.org\/{rel}","templated":true}]}}