{"id":1685,"date":"2020-08-22T16:25:48","date_gmt":"2020-08-22T16:25:48","guid":{"rendered":"http:\/\/geal.org.br\/juventude\/?p=1685"},"modified":"2020-08-22T16:27:45","modified_gmt":"2020-08-22T16:27:45","slug":"livro-de-agosto-4","status":"publish","type":"post","link":"https:\/\/geal.org.br\/juventude\/?p=1685","title":{"rendered":"LIVRO DE AGOSTO"},"content":{"rendered":"<h4 style=\"text-align: center;\"><span style=\"color: #ff0000;\"><strong>NAS VORAGENS DO PECADO<\/strong><\/span><\/h4>\n<p style=\"text-align: center;\"><span style=\"color: #0000ff;\"><strong>Pelo Esp\u00edrito Charles &#8211; psic. de Yvonne Pereira<\/strong><\/span><\/p>\n<p>&nbsp;<\/p>\n<p>Romance passado na Fran\u00e7a, por volta do ano de 1572, relata a luta dos seguidores da reforma luterana e calvinista.<\/p>\n<p>Descreve a trama de duas mulheres unidas num processo de vingan\u00e7a e posterior obsess\u00e3o contra o respons\u00e1vel pelo massacre de seus entes amados.<\/p>\n<p>Apresenta o pacto obsessor, descrevendo os personagens principais: Ot\u00edlia de Louvigny, noiva do pastor sacrificado, Carlos Felipe; a irm\u00e3 do pastor, Ruth-Carolina, e Lu\u00eds de Narbonne, o Capit\u00e3o da F\u00e9, que em seu fanatismo sect\u00e1rio serve de instrumento do clero e \u00e0 rainha Catarina de M\u00e9dicis.<\/p>\n<p>Juras de amor, \u00f3dios e trai\u00e7\u00f5es, exemplos de honradez e elevada moral, tudo se entremeia num fascinante enredo, urdido em torno da c\u00e9lebre e terr\u00edvel \u201cNoite de S\u00e3o Bartolomeu\u201d.<\/p>\n","protected":false},"excerpt":{"rendered":"<p>NAS VORAGENS DO PECADO Pelo Esp\u00edrito Charles &#8211; psic. de Yvonne Pereira &nbsp; Romance passado na Fran\u00e7a, por volta do ano de 1572, relata a luta dos seguidores da reforma luterana e calvinista. Descreve a trama de duas mulheres unidas num processo de vingan\u00e7a e posterior obsess\u00e3o contra o respons\u00e1vel pelo massacre de seus entes &hellip; <\/p>\n<p class=\"link-more\"><a href=\"https:\/\/geal.org.br\/juventude\/?p=1685\" class=\"more-link\">Continue lendo<span class=\"screen-reader-text\"> &#8220;LIVRO DE AGOSTO&#8221;<\/span><\/a><\/p>\n","protected":false},"author":1,"featured_media":0,"comment_status":"closed","ping_status":"open","sticky":false,"template":"","format":"standard","meta":[],"categories":[5],"tags":[],"_links":{"self":[{"href":"https:\/\/geal.org.br\/juventude\/index.php?rest_route=\/wp\/v2\/posts\/1685"}],"collection":[{"href":"https:\/\/geal.org.br\/juventude\/index.php?rest_route=\/wp\/v2\/posts"}],"about":[{"href":"https:\/\/geal.org.br\/juventude\/index.php?rest_route=\/wp\/v2\/types\/post"}],"author":[{"embeddable":true,"href":"https:\/\/geal.org.br\/juventude\/index.php?rest_route=\/wp\/v2\/users\/1"}],"replies":[{"embeddable":true,"href":"https:\/\/geal.org.br\/juventude\/index.php?rest_route=%2Fwp%2Fv2%2Fcomments&post=1685"}],"version-history":[{"count":2,"href":"https:\/\/geal.org.br\/juventude\/index.php?rest_route=\/wp\/v2\/posts\/1685\/revisions"}],"predecessor-version":[{"id":1690,"href":"https:\/\/geal.org.br\/juventude\/index.php?rest_route=\/wp\/v2\/posts\/1685\/revisions\/1690"}],"wp:attachment":[{"href":"https:\/\/geal.org.br\/juventude\/index.php?rest_route=%2Fwp%2Fv2%2Fmedia&parent=1685"}],"wp:term":[{"taxonomy":"category","embeddable":true,"href":"https:\/\/geal.org.br\/juventude\/index.php?rest_route=%2Fwp%2Fv2%2Fcategories&post=1685"},{"taxonomy":"post_tag","embeddable":true,"href":"https:\/\/geal.org.br\/juventude\/index.php?rest_route=%2Fwp%2Fv2%2Ftags&post=1685"}],"curies":[{"name":"wp","href":"https:\/\/api.w.org\/{rel}","templated":true}]}}