{"id":1687,"date":"2020-08-22T16:26:46","date_gmt":"2020-08-22T16:26:46","guid":{"rendered":"http:\/\/geal.org.br\/juventude\/?p=1687"},"modified":"2020-08-22T16:27:15","modified_gmt":"2020-08-22T16:27:15","slug":"aos-que-sofrem","status":"publish","type":"post","link":"https:\/\/geal.org.br\/juventude\/?p=1687","title":{"rendered":"AOS QUE SOFREM"},"content":{"rendered":"<p><strong>No dia 23 de abril de 1957, um acidente ocorrido em minha resid\u00eancia fez-me fraturar o bra\u00e7o esquerdo. Imobilizada durante v\u00e1rios dias, a s\u00f3s com meus estudos e medita\u00e7\u00f5es, que de panoramas espirituais se desvendaram \u00e0s minhas possibilidades medi\u00fanicas, assim favorecidas por um est\u00e1gio prop\u00edcio! Se, ent\u00e3o, me foi dado o reconforto da presen\u00e7a dos meus companheiros de jornada terrena, que fraternalmente me visitavam, frequentes igualmente foram as visitas recebidas do mundo invis\u00edvel, consoladoras e inef\u00e1veis, testemunhando \u00e0s minhas convic\u00e7\u00f5es a intensidade faustosa, prodigiosa, dessa p\u00e1tria que \u00e9 nossa e a qual estamos perenemente ligados por la\u00e7os de sagrada origem!<\/strong><\/p>\n<p><strong>No terceiro dia ap\u00f3s o acidente, um acontecimento verdadeiramente majestoso desenrolou-se diante de minhas percep\u00e7\u00f5es medi\u00fanicas poderosamente exteriorizadas do \u00e2mbito f\u00edsico-carnal. Apresentara-se \u00e0 minha frente, encontrando-me eu ainda perfeitamente desperta, a querida entidade espiritual Charles, meu guia e mestre da Espiritualidade, amigo desvelado desde o ber\u00e7o, porque j\u00e1 o era tamb\u00e9m na vida espiritual.<\/strong><\/p>\n<p><strong>[&#8230;]Submisso, meu esp\u00edrito segue-o, enquanto o corpo, sobre uma cadeira de balan\u00e7o, o bra\u00e7o envolto em faixas, se abandona a reconfortadora letargia&#8230;<\/strong><\/p>\n<p><strong>[&#8230;]Charles tomou-me da m\u00e3o com vigor e disse: \u2014 Narrar-te-ei a triste hist\u00f3ria de um cora\u00e7\u00e3o que ainda hoje n\u00e3o conseguiu perdoar e esquecer integralmente a dor de uma ofensa grave&#8230; Ofere\u00e7o-a \u00e0queles que sofrem, aos que amam sem serem amados, aos que tardam em compreender que o segredo da felicidade de cada um e da humanidade em si mesma encontra-se na capacidade que possua cada cora\u00e7\u00e3o para as virtudes do amor a Deus e ao pr\u00f3ximo&#8230; Ent\u00e3o as primeiras frases deste livro repercutiram em meu ser espiritual como se for\u00e7as ignotas as decalcassem a fogo em meu c\u00e9rebro. Charles falou&#8230; E as cenas do drama intenso que aqui transcrevo se moveram \u00e0 minha vis\u00e3o sob sua palavra, entre tonalidades azuis e rosa, variadas ao indescrit\u00edvel, mostrando-me, entre outros acontecimentos, o terr\u00edvel massacre de protestantes do dia de S\u00e3o Bartolomeu, durante o reinado de Carlos IX, na Fran\u00e7a, massacre cujos aspectos verdadeiramente infernais jamais poder\u00e1 conceber o c\u00e9rebro que os n\u00e3o haja presenciado!<\/strong><\/p>\n<p><strong>[&#8230;]O certo foi que, sob o ardor da sua palavra, a tudo eu assisti e presenciei intensamente, com nitidez e encantamento, como se estivesse presente aos fatos, por vezes possu\u00edda de terrores, ang\u00fastias e ansiedade, de outras embalada por deliciosas emo\u00e7\u00f5es de enternecimento e reconforto&#8230; E hoje, quando j\u00e1 ele voltou novamente a mim para guiar a minha m\u00e3o e o meu l\u00e1pis na transcri\u00e7\u00e3o do drama entrevisto ent\u00e3o, no estado espiritual \u2014 entrego-o, em seu nome, aos cora\u00e7\u00f5es que sentem dificuldades na concess\u00e3o do perd\u00e3o ao desafeto, aos que sofrem e choram no aprendizado redentor, a caminho do amor a Deus sobre todas as coisas e ao pr\u00f3ximo como a si mesmo&#8230; <\/strong><\/p>\n<p><strong>Yvonne A. Pereira Rio de Janeiro (RJ), 30 de outubro de 1959.<\/strong><\/p>\n<p><strong>(Mensagem da autora no pre\u00e2mbulo do livro do m\u00eas)<\/strong><\/p>\n","protected":false},"excerpt":{"rendered":"<p>No dia 23 de abril de 1957, um acidente ocorrido em minha resid\u00eancia fez-me fraturar o bra\u00e7o esquerdo. Imobilizada durante v\u00e1rios dias, a s\u00f3s com meus estudos e medita\u00e7\u00f5es, que de panoramas espirituais se desvendaram \u00e0s minhas possibilidades medi\u00fanicas, assim favorecidas por um est\u00e1gio prop\u00edcio! Se, ent\u00e3o, me foi dado o reconforto da presen\u00e7a dos &hellip; <\/p>\n<p class=\"link-more\"><a href=\"https:\/\/geal.org.br\/juventude\/?p=1687\" class=\"more-link\">Continue lendo<span class=\"screen-reader-text\"> &#8220;AOS QUE SOFREM&#8221;<\/span><\/a><\/p>\n","protected":false},"author":1,"featured_media":0,"comment_status":"closed","ping_status":"open","sticky":false,"template":"","format":"standard","meta":[],"categories":[5],"tags":[],"_links":{"self":[{"href":"https:\/\/geal.org.br\/juventude\/index.php?rest_route=\/wp\/v2\/posts\/1687"}],"collection":[{"href":"https:\/\/geal.org.br\/juventude\/index.php?rest_route=\/wp\/v2\/posts"}],"about":[{"href":"https:\/\/geal.org.br\/juventude\/index.php?rest_route=\/wp\/v2\/types\/post"}],"author":[{"embeddable":true,"href":"https:\/\/geal.org.br\/juventude\/index.php?rest_route=\/wp\/v2\/users\/1"}],"replies":[{"embeddable":true,"href":"https:\/\/geal.org.br\/juventude\/index.php?rest_route=%2Fwp%2Fv2%2Fcomments&post=1687"}],"version-history":[{"count":2,"href":"https:\/\/geal.org.br\/juventude\/index.php?rest_route=\/wp\/v2\/posts\/1687\/revisions"}],"predecessor-version":[{"id":1689,"href":"https:\/\/geal.org.br\/juventude\/index.php?rest_route=\/wp\/v2\/posts\/1687\/revisions\/1689"}],"wp:attachment":[{"href":"https:\/\/geal.org.br\/juventude\/index.php?rest_route=%2Fwp%2Fv2%2Fmedia&parent=1687"}],"wp:term":[{"taxonomy":"category","embeddable":true,"href":"https:\/\/geal.org.br\/juventude\/index.php?rest_route=%2Fwp%2Fv2%2Fcategories&post=1687"},{"taxonomy":"post_tag","embeddable":true,"href":"https:\/\/geal.org.br\/juventude\/index.php?rest_route=%2Fwp%2Fv2%2Ftags&post=1687"}],"curies":[{"name":"wp","href":"https:\/\/api.w.org\/{rel}","templated":true}]}}