{"id":1692,"date":"2020-09-02T14:58:54","date_gmt":"2020-09-02T14:58:54","guid":{"rendered":"http:\/\/geal.org.br\/juventude\/?p=1692"},"modified":"2020-09-02T14:58:54","modified_gmt":"2020-09-02T14:58:54","slug":"livro-de-setembro-4","status":"publish","type":"post","link":"https:\/\/geal.org.br\/juventude\/?p=1692","title":{"rendered":"LIVRO DE SETEMBRO"},"content":{"rendered":"<h4 style=\"text-align: center;\"><span style=\"color: #ff0000;\">O CAVALEIRO DE NUMIERS<\/span><\/h4>\n<p style=\"text-align: center;\"><strong><span style=\"color: #0000ff;\">Pelo Esp\u00edrito Charles &#8211; psic. de Yvonne Pereira<\/span><\/strong><\/p>\n<p>Este romance dram\u00e1tico gira em torno dos sentimentos de amor, revolta, \u00f3dio, alegria, dor, coragem entre tantos outros comuns aos aspectos da vida carnal. A hist\u00f3ria se passa na Fran\u00e7a de Lu\u00eds XIV no s\u00e9culo XVII e narra a hist\u00f3ria de Esp\u00edritos que reencarnaram em conjunto para se auxiliarem de forma m\u00fatua. Neste livro, somos apresentados aos vieses da lei de a\u00e7\u00e3o e rea\u00e7\u00e3o: os exemplos de hero\u00edsmo e dedica\u00e7\u00e3o de alguns se mesclam com os decessos dos outros, todavia, os benef\u00edcios das oportunidades geram vit\u00f3rias libertadoras ou fracassos que ser\u00e3o corrigidos nas pr\u00f3ximas encarna\u00e7\u00f5es. O cavaleiro de Numiers \u00e9 o segundo livro da trilogia de romances escritos pela m\u00e9dium Yvonne A. Pereira, iniciada por Nas voragens do pecado e encerrado por O drama da Bretanha.<\/p>\n<p>&nbsp;<\/p>\n","protected":false},"excerpt":{"rendered":"<p>O CAVALEIRO DE NUMIERS Pelo Esp\u00edrito Charles &#8211; psic. de Yvonne Pereira Este romance dram\u00e1tico gira em torno dos sentimentos de amor, revolta, \u00f3dio, alegria, dor, coragem entre tantos outros comuns aos aspectos da vida carnal. A hist\u00f3ria se passa na Fran\u00e7a de Lu\u00eds XIV no s\u00e9culo XVII e narra a hist\u00f3ria de Esp\u00edritos que &hellip; <\/p>\n<p class=\"link-more\"><a href=\"https:\/\/geal.org.br\/juventude\/?p=1692\" class=\"more-link\">Continue lendo<span class=\"screen-reader-text\"> &#8220;LIVRO DE SETEMBRO&#8221;<\/span><\/a><\/p>\n","protected":false},"author":1,"featured_media":0,"comment_status":"closed","ping_status":"open","sticky":false,"template":"","format":"standard","meta":[],"categories":[5],"tags":[],"_links":{"self":[{"href":"https:\/\/geal.org.br\/juventude\/index.php?rest_route=\/wp\/v2\/posts\/1692"}],"collection":[{"href":"https:\/\/geal.org.br\/juventude\/index.php?rest_route=\/wp\/v2\/posts"}],"about":[{"href":"https:\/\/geal.org.br\/juventude\/index.php?rest_route=\/wp\/v2\/types\/post"}],"author":[{"embeddable":true,"href":"https:\/\/geal.org.br\/juventude\/index.php?rest_route=\/wp\/v2\/users\/1"}],"replies":[{"embeddable":true,"href":"https:\/\/geal.org.br\/juventude\/index.php?rest_route=%2Fwp%2Fv2%2Fcomments&post=1692"}],"version-history":[{"count":1,"href":"https:\/\/geal.org.br\/juventude\/index.php?rest_route=\/wp\/v2\/posts\/1692\/revisions"}],"predecessor-version":[{"id":1693,"href":"https:\/\/geal.org.br\/juventude\/index.php?rest_route=\/wp\/v2\/posts\/1692\/revisions\/1693"}],"wp:attachment":[{"href":"https:\/\/geal.org.br\/juventude\/index.php?rest_route=%2Fwp%2Fv2%2Fmedia&parent=1692"}],"wp:term":[{"taxonomy":"category","embeddable":true,"href":"https:\/\/geal.org.br\/juventude\/index.php?rest_route=%2Fwp%2Fv2%2Fcategories&post=1692"},{"taxonomy":"post_tag","embeddable":true,"href":"https:\/\/geal.org.br\/juventude\/index.php?rest_route=%2Fwp%2Fv2%2Ftags&post=1692"}],"curies":[{"name":"wp","href":"https:\/\/api.w.org\/{rel}","templated":true}]}}