{"id":1694,"date":"2020-09-02T14:59:25","date_gmt":"2020-09-02T14:59:25","guid":{"rendered":"http:\/\/geal.org.br\/juventude\/?p=1694"},"modified":"2020-09-02T19:15:13","modified_gmt":"2020-09-02T19:15:13","slug":"ao-leitor","status":"publish","type":"post","link":"https:\/\/geal.org.br\/juventude\/?p=1694","title":{"rendered":"AO LEITOR"},"content":{"rendered":"<p><strong>Tal como &#8220;O drama da Bretanha&#8221;, este novo romance foi-me ditado pelo Mundo Espiritual h\u00e1 quarenta anos. Seu primitivo autor foi, igualmente, a entidade espiritual que se nomeava Roberto de Canalejas. Mas, como ficou dito, essa entidade despediu-se para a reencarna\u00e7\u00e3o, e o livro ficou inacabado e imperfeito. Durante todo esse tempo mantive o arquivado, e jamais imaginei que um dia viria ele a ser conclu\u00eddo. Muitas vezes fui mesmo tentada a queim\u00e1-lo, a fim de desocupar gavetas que me eram necess\u00e1rias. Mas, contive-me, esperando o futuro. Escrevi-o em minha mocidade, para conclu\u00ed-lo j\u00e1 com os cabelos brancos.<\/strong><\/p>\n<p><strong>Como vemos, a s\u00e9rie [&#8230;] foi ditada de tr\u00e1s para diante, pois o \u00faltimo livro foi, justamente, o primeiro a ser escrito, isto \u00e9, &#8220;O drama da Bretanha&#8221;. Nos dias presentes, ao receber ordem de ultimar o trabalho, surpreendi-me ao verificar que se tratava do prosseguimento do romance &#8220;Nas Voragens do Pecado&#8221;, obtido do Espa\u00e7o em 1957-1958, o primeiro da s\u00e9rie, portanto. \u00c0 entidade Charles, amado amigo do Plano Espiritual, devo a conclus\u00e3o e a revis\u00e3o do presente volume. N\u00e3o fora a sua paci\u00eancia de iluminado e a boa-vontade em aproveitar p\u00e1ginas que tantos sacrif\u00edcios custaram a Roberto de Canalejas e a mim, e, certamente, se perderiam essas advert\u00eancias doutrin\u00e1rias que &#8211; quem sabe? -, poder\u00e3o ser \u00fateis a quem as ler.<\/strong><\/p>\n<p><strong>Assim sendo, n\u00e3o tenho escr\u00fapulos em dar a autoria de mais este livro \u00e0 entidade Charles. Roberto esbo\u00e7ou-a, deixando-a, inacabada. Charles levantou-a, redigiu-a, concluiu-a.<\/strong><\/p>\n<p><strong>Que o leitor a aceite com simpatia \u00e9 o meu desejo.<\/strong><\/p>\n<p><strong>Rio de Janeiro, 5 de setembro de 1972.<\/strong><\/p>\n","protected":false},"excerpt":{"rendered":"<p>Tal como &#8220;O drama da Bretanha&#8221;, este novo romance foi-me ditado pelo Mundo Espiritual h\u00e1 quarenta anos. Seu primitivo autor foi, igualmente, a entidade espiritual que se nomeava Roberto de Canalejas. Mas, como ficou dito, essa entidade despediu-se para a reencarna\u00e7\u00e3o, e o livro ficou inacabado e imperfeito. Durante todo esse tempo mantive o arquivado, &hellip; <\/p>\n<p class=\"link-more\"><a href=\"https:\/\/geal.org.br\/juventude\/?p=1694\" class=\"more-link\">Continue lendo<span class=\"screen-reader-text\"> &#8220;AO LEITOR&#8221;<\/span><\/a><\/p>\n","protected":false},"author":1,"featured_media":0,"comment_status":"closed","ping_status":"open","sticky":false,"template":"","format":"standard","meta":[],"categories":[5],"tags":[],"_links":{"self":[{"href":"https:\/\/geal.org.br\/juventude\/index.php?rest_route=\/wp\/v2\/posts\/1694"}],"collection":[{"href":"https:\/\/geal.org.br\/juventude\/index.php?rest_route=\/wp\/v2\/posts"}],"about":[{"href":"https:\/\/geal.org.br\/juventude\/index.php?rest_route=\/wp\/v2\/types\/post"}],"author":[{"embeddable":true,"href":"https:\/\/geal.org.br\/juventude\/index.php?rest_route=\/wp\/v2\/users\/1"}],"replies":[{"embeddable":true,"href":"https:\/\/geal.org.br\/juventude\/index.php?rest_route=%2Fwp%2Fv2%2Fcomments&post=1694"}],"version-history":[{"count":2,"href":"https:\/\/geal.org.br\/juventude\/index.php?rest_route=\/wp\/v2\/posts\/1694\/revisions"}],"predecessor-version":[{"id":1696,"href":"https:\/\/geal.org.br\/juventude\/index.php?rest_route=\/wp\/v2\/posts\/1694\/revisions\/1696"}],"wp:attachment":[{"href":"https:\/\/geal.org.br\/juventude\/index.php?rest_route=%2Fwp%2Fv2%2Fmedia&parent=1694"}],"wp:term":[{"taxonomy":"category","embeddable":true,"href":"https:\/\/geal.org.br\/juventude\/index.php?rest_route=%2Fwp%2Fv2%2Fcategories&post=1694"},{"taxonomy":"post_tag","embeddable":true,"href":"https:\/\/geal.org.br\/juventude\/index.php?rest_route=%2Fwp%2Fv2%2Ftags&post=1694"}],"curies":[{"name":"wp","href":"https:\/\/api.w.org\/{rel}","templated":true}]}}