{"id":1711,"date":"2020-10-03T13:48:32","date_gmt":"2020-10-03T13:48:32","guid":{"rendered":"http:\/\/geal.org.br\/juventude\/?p=1711"},"modified":"2020-10-03T14:05:51","modified_gmt":"2020-10-03T14:05:51","slug":"trecho-do-capitulo-1-do-livro-de-outubro","status":"publish","type":"post","link":"https:\/\/geal.org.br\/juventude\/?p=1711","title":{"rendered":"Trecho do cap\u00edtulo 1 do livro de Outubro"},"content":{"rendered":"<p>Comemorava-se ainda em toda a Fran\u00e7a um dos maiores acontecimentos que sacudiram os seus destinos gloriosos e os destinos do mundo, porque nenhum acontecimento importante da Fran\u00e7a deixou jamais de se irradiar para al\u00e9m das suas fronteiras: Napole\u00e3o Bonaparte, jovem her\u00f3i de inesquec\u00edveis batalhas, [&#8230;] o primeiro-c\u00f4nsul do Diret\u00f3rio famoso, ap\u00f3s a queda da realeza, sobre o qual tantas esperan\u00e7as repousavam, fora coroado Imperador dos franceses, sob os mais lisonjeiros ausp\u00edcios de um povo exausto de apreens\u00f5es e sofrimentos, povo que estremecia ainda \u00e0 tr\u00e1gica lembran\u00e7a dos dias do Terror e da guerra da Vend\u00e9ia, que regaram de sangue a p\u00e1tria vener\u00e1vel. Era assunto preferido, em todas as comunidades da Fran\u00e7a, a capacidade do grande general para conduzir as r\u00e9deas do governo \u00e0 altura conveniente a uma na\u00e7\u00e3o civilizada, seus predicados de pol\u00edtico astuto e sagaz, sua ousadia de soldado. Muitos nobres franceses, exilados desde antes de 1793, regressavam agora \u00e0 p\u00e1tria, saudosos e confiantes, tolerando a usurpa\u00e7\u00e3o do trono que, por direito, cabia aos Orl\u00e9ans, esperan\u00e7ados de uma frui\u00e7\u00e3o de paz permitida por um governo bem mais dignificante, porque um Imp\u00e9rio, do que aquele que se pretendera impor sob a inspira\u00e7\u00e3o da Conven\u00e7\u00e3o Nacional, enquanto antigos republicanos depunham opini\u00f5es liberais para servirem ao grande corso, que tantas gl\u00f3rias j\u00e1 conquistara para as armas francesas, elevando a p\u00e1tria no conceito mundial. E, na cidade de Lyon, num extremo da grande na\u00e7\u00e3o, nascia aquele que seria o escolhido do Alto para oferecer ao mundo a mensagem do Consolador, que o Cristo prometera aos homens para seu conselheiro e protetor nas asperidades da exist\u00eancia: Hippolyte L\u00e9on Denizard Rivail, o Allan Kardec, autor da codifica\u00e7\u00e3o do Espiritismo.<\/p>\n","protected":false},"excerpt":{"rendered":"<p>Comemorava-se ainda em toda a Fran\u00e7a um dos maiores acontecimentos que sacudiram os seus destinos gloriosos e os destinos do mundo, porque nenhum acontecimento importante da Fran\u00e7a deixou jamais de se irradiar para al\u00e9m das suas fronteiras: Napole\u00e3o Bonaparte, jovem her\u00f3i de inesquec\u00edveis batalhas, [&#8230;] o primeiro-c\u00f4nsul do Diret\u00f3rio famoso, ap\u00f3s a queda da realeza, &hellip; <\/p>\n<p class=\"link-more\"><a href=\"https:\/\/geal.org.br\/juventude\/?p=1711\" class=\"more-link\">Continue lendo<span class=\"screen-reader-text\"> &#8220;Trecho do cap\u00edtulo 1 do livro de Outubro&#8221;<\/span><\/a><\/p>\n","protected":false},"author":1,"featured_media":0,"comment_status":"closed","ping_status":"open","sticky":false,"template":"","format":"standard","meta":[],"categories":[5],"tags":[],"_links":{"self":[{"href":"https:\/\/geal.org.br\/juventude\/index.php?rest_route=\/wp\/v2\/posts\/1711"}],"collection":[{"href":"https:\/\/geal.org.br\/juventude\/index.php?rest_route=\/wp\/v2\/posts"}],"about":[{"href":"https:\/\/geal.org.br\/juventude\/index.php?rest_route=\/wp\/v2\/types\/post"}],"author":[{"embeddable":true,"href":"https:\/\/geal.org.br\/juventude\/index.php?rest_route=\/wp\/v2\/users\/1"}],"replies":[{"embeddable":true,"href":"https:\/\/geal.org.br\/juventude\/index.php?rest_route=%2Fwp%2Fv2%2Fcomments&post=1711"}],"version-history":[{"count":1,"href":"https:\/\/geal.org.br\/juventude\/index.php?rest_route=\/wp\/v2\/posts\/1711\/revisions"}],"predecessor-version":[{"id":1712,"href":"https:\/\/geal.org.br\/juventude\/index.php?rest_route=\/wp\/v2\/posts\/1711\/revisions\/1712"}],"wp:attachment":[{"href":"https:\/\/geal.org.br\/juventude\/index.php?rest_route=%2Fwp%2Fv2%2Fmedia&parent=1711"}],"wp:term":[{"taxonomy":"category","embeddable":true,"href":"https:\/\/geal.org.br\/juventude\/index.php?rest_route=%2Fwp%2Fv2%2Fcategories&post=1711"},{"taxonomy":"post_tag","embeddable":true,"href":"https:\/\/geal.org.br\/juventude\/index.php?rest_route=%2Fwp%2Fv2%2Ftags&post=1711"}],"curies":[{"name":"wp","href":"https:\/\/api.w.org\/{rel}","templated":true}]}}