{"id":1714,"date":"2020-11-02T21:58:14","date_gmt":"2020-11-02T21:58:14","guid":{"rendered":"http:\/\/geal.org.br\/juventude\/?p=1714"},"modified":"2020-11-02T21:58:14","modified_gmt":"2020-11-02T21:58:14","slug":"livro-de-novembro-3","status":"publish","type":"post","link":"https:\/\/geal.org.br\/juventude\/?p=1714","title":{"rendered":"LIVRO DE NOVEMBRO"},"content":{"rendered":"<h4 style=\"text-align: center;\"><span style=\"color: #ff0000;\">Transi\u00e7\u00e3o Planet\u00e1ria<\/span><\/h4>\n<p style=\"text-align: center;\"><strong><span style=\"color: #0000ff;\">Pelo Esp\u00edrito Manoel Philomeno de Miranda<\/span><\/strong><\/p>\n<p style=\"text-align: center;\"><strong><span style=\"color: #0000ff;\">psic. de Divaldo P. Franco<\/span><\/strong><\/p>\n<p>&nbsp;<\/p>\n<p>Este \u00e9 o primeiro livro de uma trilogia do Esp\u00edrito Manoel Philomeno de Miranda. Foi psicografado por Divaldo Pereira Franco, logo ap\u00f3s o grave tsunami ocorrido em 2004, no oceano \u00cdndico, atingindo diversos pa\u00edses, especialmente a Indon\u00e9sia e a Tail\u00e2ndia, e matando em um \u00fanico dia mais de 230 mil pessoas. Este evento despertou na Humanidade um sentimento de que grandes transforma\u00e7\u00f5es come\u00e7avam a acontecer e que a Humanidade precisaria repensar seus valores para construir uma nova era.<\/p>\n<p>Quando, Kardec pergunta aos Esp\u00edritos: \u201c<em>Com que fim fere Deus a Humanidade por meio de flagelos destruidores?\u201d, <\/em>a resposta veio simples e afirmativa: \u201cPara faz\u00ea-la progredir mais depressa. J\u00e1 n\u00e3o dissemos ser a destrui\u00e7\u00e3o uma necessidade para a regenera\u00e7\u00e3o moral dos Esp\u00edritos, que, em cada nova exist\u00eancia, sobem um degrau na escala do aperfei\u00e7oamento? [&#8230;]s\u00e3o frequentemente necess\u00e1rias para que mais pronto se d\u00ea o advento de uma melhor ordem de coisas e para que se realize em alguns anos o que teria exigido muitos s\u00e9culos.\u201d<\/p>\n<p>O autor espiritual explica-nos como esse acontecimento se desenrolou no plano espiritual. Al\u00e9m disso, nos revela os movimentos dos planos superiores, na prepara\u00e7\u00e3o de uma nova era, onde diversos acontecimentos se desenvolvem com este fim, como, por exemplo, a chegada e a encarna\u00e7\u00e3o de Esp\u00edritos vindo de outro sistema estelar para acelerar o processo de transforma\u00e7\u00e3o que ora se desenvolve na Terra.<\/p>\n","protected":false},"excerpt":{"rendered":"<p>Transi\u00e7\u00e3o Planet\u00e1ria Pelo Esp\u00edrito Manoel Philomeno de Miranda psic. de Divaldo P. Franco &nbsp; Este \u00e9 o primeiro livro de uma trilogia do Esp\u00edrito Manoel Philomeno de Miranda. Foi psicografado por Divaldo Pereira Franco, logo ap\u00f3s o grave tsunami ocorrido em 2004, no oceano \u00cdndico, atingindo diversos pa\u00edses, especialmente a Indon\u00e9sia e a Tail\u00e2ndia, e &hellip; <\/p>\n<p class=\"link-more\"><a href=\"https:\/\/geal.org.br\/juventude\/?p=1714\" class=\"more-link\">Continue lendo<span class=\"screen-reader-text\"> &#8220;LIVRO DE NOVEMBRO&#8221;<\/span><\/a><\/p>\n","protected":false},"author":1,"featured_media":0,"comment_status":"closed","ping_status":"open","sticky":false,"template":"","format":"standard","meta":[],"categories":[5],"tags":[],"_links":{"self":[{"href":"https:\/\/geal.org.br\/juventude\/index.php?rest_route=\/wp\/v2\/posts\/1714"}],"collection":[{"href":"https:\/\/geal.org.br\/juventude\/index.php?rest_route=\/wp\/v2\/posts"}],"about":[{"href":"https:\/\/geal.org.br\/juventude\/index.php?rest_route=\/wp\/v2\/types\/post"}],"author":[{"embeddable":true,"href":"https:\/\/geal.org.br\/juventude\/index.php?rest_route=\/wp\/v2\/users\/1"}],"replies":[{"embeddable":true,"href":"https:\/\/geal.org.br\/juventude\/index.php?rest_route=%2Fwp%2Fv2%2Fcomments&post=1714"}],"version-history":[{"count":1,"href":"https:\/\/geal.org.br\/juventude\/index.php?rest_route=\/wp\/v2\/posts\/1714\/revisions"}],"predecessor-version":[{"id":1715,"href":"https:\/\/geal.org.br\/juventude\/index.php?rest_route=\/wp\/v2\/posts\/1714\/revisions\/1715"}],"wp:attachment":[{"href":"https:\/\/geal.org.br\/juventude\/index.php?rest_route=%2Fwp%2Fv2%2Fmedia&parent=1714"}],"wp:term":[{"taxonomy":"category","embeddable":true,"href":"https:\/\/geal.org.br\/juventude\/index.php?rest_route=%2Fwp%2Fv2%2Fcategories&post=1714"},{"taxonomy":"post_tag","embeddable":true,"href":"https:\/\/geal.org.br\/juventude\/index.php?rest_route=%2Fwp%2Fv2%2Ftags&post=1714"}],"curies":[{"name":"wp","href":"https:\/\/api.w.org\/{rel}","templated":true}]}}