{"id":1729,"date":"2021-01-30T19:50:20","date_gmt":"2021-01-30T19:50:20","guid":{"rendered":"http:\/\/geal.org.br\/juventude\/?p=1729"},"modified":"2021-01-30T19:50:20","modified_gmt":"2021-01-30T19:50:20","slug":"livro-de-fevereiro-2","status":"publish","type":"post","link":"https:\/\/geal.org.br\/juventude\/?p=1729","title":{"rendered":"LIVRO DE FEVEREIRO"},"content":{"rendered":"<p style=\"text-align: center;\"><span style=\"color: #ff0000;\"><strong>No Rumo do Mundo de Regenera\u00e7\u00e3o<\/strong><\/span><\/p>\n<p style=\"text-align: center;\"><span style=\"color: #0000ff;\"><strong>Manoel Philomeno de Miranda<\/strong><\/span><\/p>\n<p style=\"text-align: center;\"><span style=\"color: #0000ff;\"><strong>psic. de Divaldo P. Franco<\/strong><\/span><\/p>\n<p>&nbsp;<\/p>\n<p>Este livro \u00e9 um breve relato em torno do interc\u00e2mbio entre as duas esferas da vida, especialmente cuidando das perturba\u00e7\u00f5es espirituais resultantes da suprema ignor\u00e2ncia que se permitem os Esp\u00edritos infelizes, na sua luta ingl\u00f3ria contra o Mestre Jesus e Sua doutrina. De alguma forma, faz parte da s\u00e9rie que iniciamos com o Transi\u00e7\u00e3o planet\u00e1ria e o Amanhecer de uma era nova, abordando os desafios modernos em forma de obsess\u00f5es coletivas e individuais, especialmente nas Sociedades Esp\u00edritas s\u00e9rias dedicadas \u00e0 renova\u00e7\u00e3o da sociedade, bem como nos grupamentos humanos que se dedicam ao progresso e \u00e0 felicidade das criaturas.<\/p>\n<p>Jesus vela pela barca terrestre e condu-la com seguran\u00e7a ao porto de abrigo, sendo infrutuosas todas as tentativas de dificultar-Lhe o minist\u00e9rio de amor e de miseric\u00f3rdia. Desejamos com a presente obra alertar os companheiros inadvertidos ou descuidados dos deveres espirituais assumidos antes do renascimento carnal, quanto \u00e0s suas responsabilidades morais na condi\u00e7\u00e3o de trabalhadores da \u00faltima hora, comprometidos com os benfeitores da Humanidade que neles confiam.\u201d<\/p>\n<p>Manoel Philomeno de Miranda<\/p>\n","protected":false},"excerpt":{"rendered":"<p>No Rumo do Mundo de Regenera\u00e7\u00e3o Manoel Philomeno de Miranda psic. de Divaldo P. Franco &nbsp; Este livro \u00e9 um breve relato em torno do interc\u00e2mbio entre as duas esferas da vida, especialmente cuidando das perturba\u00e7\u00f5es espirituais resultantes da suprema ignor\u00e2ncia que se permitem os Esp\u00edritos infelizes, na sua luta ingl\u00f3ria contra o Mestre Jesus &hellip; <\/p>\n<p class=\"link-more\"><a href=\"https:\/\/geal.org.br\/juventude\/?p=1729\" class=\"more-link\">Continue lendo<span class=\"screen-reader-text\"> &#8220;LIVRO DE FEVEREIRO&#8221;<\/span><\/a><\/p>\n","protected":false},"author":1,"featured_media":0,"comment_status":"closed","ping_status":"open","sticky":false,"template":"","format":"standard","meta":[],"categories":[5],"tags":[],"_links":{"self":[{"href":"https:\/\/geal.org.br\/juventude\/index.php?rest_route=\/wp\/v2\/posts\/1729"}],"collection":[{"href":"https:\/\/geal.org.br\/juventude\/index.php?rest_route=\/wp\/v2\/posts"}],"about":[{"href":"https:\/\/geal.org.br\/juventude\/index.php?rest_route=\/wp\/v2\/types\/post"}],"author":[{"embeddable":true,"href":"https:\/\/geal.org.br\/juventude\/index.php?rest_route=\/wp\/v2\/users\/1"}],"replies":[{"embeddable":true,"href":"https:\/\/geal.org.br\/juventude\/index.php?rest_route=%2Fwp%2Fv2%2Fcomments&post=1729"}],"version-history":[{"count":1,"href":"https:\/\/geal.org.br\/juventude\/index.php?rest_route=\/wp\/v2\/posts\/1729\/revisions"}],"predecessor-version":[{"id":1730,"href":"https:\/\/geal.org.br\/juventude\/index.php?rest_route=\/wp\/v2\/posts\/1729\/revisions\/1730"}],"wp:attachment":[{"href":"https:\/\/geal.org.br\/juventude\/index.php?rest_route=%2Fwp%2Fv2%2Fmedia&parent=1729"}],"wp:term":[{"taxonomy":"category","embeddable":true,"href":"https:\/\/geal.org.br\/juventude\/index.php?rest_route=%2Fwp%2Fv2%2Fcategories&post=1729"},{"taxonomy":"post_tag","embeddable":true,"href":"https:\/\/geal.org.br\/juventude\/index.php?rest_route=%2Fwp%2Fv2%2Ftags&post=1729"}],"curies":[{"name":"wp","href":"https:\/\/api.w.org\/{rel}","templated":true}]}}