{"id":1732,"date":"2021-01-30T19:52:41","date_gmt":"2021-01-30T19:52:41","guid":{"rendered":"http:\/\/geal.org.br\/juventude\/?p=1732"},"modified":"2021-01-30T19:52:41","modified_gmt":"2021-01-30T19:52:41","slug":"trechos-do-livro-do-mes","status":"publish","type":"post","link":"https:\/\/geal.org.br\/juventude\/?p=1732","title":{"rendered":"Trechos do livro do m\u00eas"},"content":{"rendered":"<p>[&#8230;] Naquela noite especial de setembro, ap\u00f3s ouvidos os clarins que<br \/>\necoaram por toda parte, reunimo-nos em um imenso anfiteatro sem<br \/>\nteto, que nos permitia ver o turbilh\u00e3o de astros bailando na luz que<br \/>\nemitiam e na sinfonia inimagin\u00e1vel que produziam, como se fosse um<br \/>\nm\u00e1gico espet\u00e1culo celestial.<\/p>\n<p>&#8230;] As comunidades que trabalhariam no Brasil, sob o comando de<br \/>\nIsmael, obedeciam \u00e0 programa\u00e7\u00e3o espec\u00edfica, qual ocorreria nas<br \/>\ndiversas na\u00e7\u00f5es, conforme suas tradi\u00e7\u00f5es e costumes, \u00e9tica e<br \/>\nconfiss\u00f5es religiosas ou n\u00e3o. Entidades elevadas que contribu\u00edram<br \/>\npara o progresso da Humanidade na \u00e1rea da sa\u00fade no passado<br \/>\nparticipariam dos laborat\u00f3rios de pesquisas, inspirando os seus<br \/>\ndevotados companheiros encarnados. Outros Esp\u00edritos, igualmente<br \/>\nespecializados na \u00e1rea da sa\u00fade, hospedar-se-iam nos nosoc\u00f4mios<br \/>\ntradicionais e improvisados, considerando-se o volume de pacientes<br \/>\nque necessitariam de apoio e terap\u00eautica especializada. Alguns dos<br \/>\nsubgrupos permaneceriam numa das capitais do pa\u00eds, &#8230; sob a<br \/>\nsupervis\u00e3o de Euripedes Barsanulfo, em homenagem \u00e0 sua<br \/>\ndesencarna\u00e7\u00e3o em 2 de novembro de 1918, pela gripe espanhola.<\/p>\n<p>[&#8230;] Fiquei perplexo ao observar que os pacientes que chegavam,<br \/>\ninvariavelmente, estavam acompanhados por esp\u00edritos vulgares,<br \/>\nalguns dos quais se adentravam na sala de consulta, enquanto outros,<br \/>\nmais h\u00e1beis ou perversos, afastavam-se e ficavam em atitudes de<br \/>\ndeboche e sarcasmo em rela\u00e7\u00e3o \u00e0s pessoas que vinham ao<br \/>\nnosoc\u00f4mio. Assim aguardavam o resultado dos exames e<br \/>\nprosseguiam no comportamento a que estavam acostumados. As<br \/>\nsuas interfer\u00eancias na conduta das pessoas eram vis\u00edveis e<br \/>\nlament\u00e1veis, parecendo que se nutriam reciprocamente.<\/p>\n","protected":false},"excerpt":{"rendered":"<p>[&#8230;] Naquela noite especial de setembro, ap\u00f3s ouvidos os clarins que ecoaram por toda parte, reunimo-nos em um imenso anfiteatro sem teto, que nos permitia ver o turbilh\u00e3o de astros bailando na luz que emitiam e na sinfonia inimagin\u00e1vel que produziam, como se fosse um m\u00e1gico espet\u00e1culo celestial. &#8230;] As comunidades que trabalhariam no Brasil, &hellip; <\/p>\n<p class=\"link-more\"><a href=\"https:\/\/geal.org.br\/juventude\/?p=1732\" class=\"more-link\">Continue lendo<span class=\"screen-reader-text\"> &#8220;Trechos do livro do m\u00eas&#8221;<\/span><\/a><\/p>\n","protected":false},"author":1,"featured_media":0,"comment_status":"closed","ping_status":"open","sticky":false,"template":"","format":"standard","meta":[],"categories":[5],"tags":[],"_links":{"self":[{"href":"https:\/\/geal.org.br\/juventude\/index.php?rest_route=\/wp\/v2\/posts\/1732"}],"collection":[{"href":"https:\/\/geal.org.br\/juventude\/index.php?rest_route=\/wp\/v2\/posts"}],"about":[{"href":"https:\/\/geal.org.br\/juventude\/index.php?rest_route=\/wp\/v2\/types\/post"}],"author":[{"embeddable":true,"href":"https:\/\/geal.org.br\/juventude\/index.php?rest_route=\/wp\/v2\/users\/1"}],"replies":[{"embeddable":true,"href":"https:\/\/geal.org.br\/juventude\/index.php?rest_route=%2Fwp%2Fv2%2Fcomments&post=1732"}],"version-history":[{"count":1,"href":"https:\/\/geal.org.br\/juventude\/index.php?rest_route=\/wp\/v2\/posts\/1732\/revisions"}],"predecessor-version":[{"id":1733,"href":"https:\/\/geal.org.br\/juventude\/index.php?rest_route=\/wp\/v2\/posts\/1732\/revisions\/1733"}],"wp:attachment":[{"href":"https:\/\/geal.org.br\/juventude\/index.php?rest_route=%2Fwp%2Fv2%2Fmedia&parent=1732"}],"wp:term":[{"taxonomy":"category","embeddable":true,"href":"https:\/\/geal.org.br\/juventude\/index.php?rest_route=%2Fwp%2Fv2%2Fcategories&post=1732"},{"taxonomy":"post_tag","embeddable":true,"href":"https:\/\/geal.org.br\/juventude\/index.php?rest_route=%2Fwp%2Fv2%2Ftags&post=1732"}],"curies":[{"name":"wp","href":"https:\/\/api.w.org\/{rel}","templated":true}]}}