{"id":1740,"date":"2021-04-01T00:37:57","date_gmt":"2021-04-01T00:37:57","guid":{"rendered":"http:\/\/geal.org.br\/juventude\/?p=1740"},"modified":"2021-04-01T00:37:57","modified_gmt":"2021-04-01T00:37:57","slug":"livro-de-abril-2","status":"publish","type":"post","link":"https:\/\/geal.org.br\/juventude\/?p=1740","title":{"rendered":"LIVRO DE ABRIL"},"content":{"rendered":"<p style=\"text-align: center;\"><span style=\"color: #ff0000;\"><strong>Livro da Esperan\u00e7a <\/strong><\/span><\/p>\n<p style=\"text-align: center;\"><strong><span style=\"color: #0000ff;\">Emmanuel \u2013 psic. F.C.Xavier<\/span><\/strong><\/p>\n<p style=\"text-align: center;\">\n<p>Emmanuel lan\u00e7a este livro no 1\u00ba centen\u00e1rio de O Evangelho Segundo o Espiritismo e, para homenagear,\u00a0 o chamou Livro da Esperan\u00e7a.<\/p>\n<p>A fim de ilustrar o prop\u00f3sito do autor, seguem suas palavras na mensagem de abertura deste livro:<\/p>\n<p>[&#8230;] este livro, gravitando em torno de O Evangelho Segundo o Espiritismo, cujas consola\u00e7\u00f5es e racioc\u00ednios pretende palidamente refletir, n\u00e3o tem, outro objetivo sen\u00e3o convidar-nos ao estudo das sempre novas palavras de Cristo.<\/p>\n<p>Muitos homens doutos falaram, delas, atrav\u00e9s do tempo e alguns deles, decerto com a melhor inten\u00e7\u00e3o, alteraram-lhes, de algum modo, o sentido, para acomod\u00e1-las aos climas sociais e pol\u00edticos em que vivem.<\/p>\n<p>\u201cOs Esp\u00edritos do Senhor, que s\u00e3o as virtudes do C\u00e9u\u201d, entretanto, voltaram a interpret\u00e1-las, em sua express\u00e3o pura e simples, reafirmando-nos que, hoje quanto ontem, \u00e9 poss\u00edvel a cada um de n\u00f3s ouvir Jesus, no \u00e2mago da alma, a repetir-nos com seguran\u00e7a: \u201caquele que me segue n\u00e3o anda em trevas\u201d.<\/p>\n","protected":false},"excerpt":{"rendered":"<p>Livro da Esperan\u00e7a Emmanuel \u2013 psic. F.C.Xavier Emmanuel lan\u00e7a este livro no 1\u00ba centen\u00e1rio de O Evangelho Segundo o Espiritismo e, para homenagear,\u00a0 o chamou Livro da Esperan\u00e7a. A fim de ilustrar o prop\u00f3sito do autor, seguem suas palavras na mensagem de abertura deste livro: [&#8230;] este livro, gravitando em torno de O Evangelho Segundo &hellip; <\/p>\n<p class=\"link-more\"><a href=\"https:\/\/geal.org.br\/juventude\/?p=1740\" class=\"more-link\">Continue lendo<span class=\"screen-reader-text\"> &#8220;LIVRO DE ABRIL&#8221;<\/span><\/a><\/p>\n","protected":false},"author":1,"featured_media":0,"comment_status":"closed","ping_status":"open","sticky":false,"template":"","format":"standard","meta":[],"categories":[5],"tags":[],"_links":{"self":[{"href":"https:\/\/geal.org.br\/juventude\/index.php?rest_route=\/wp\/v2\/posts\/1740"}],"collection":[{"href":"https:\/\/geal.org.br\/juventude\/index.php?rest_route=\/wp\/v2\/posts"}],"about":[{"href":"https:\/\/geal.org.br\/juventude\/index.php?rest_route=\/wp\/v2\/types\/post"}],"author":[{"embeddable":true,"href":"https:\/\/geal.org.br\/juventude\/index.php?rest_route=\/wp\/v2\/users\/1"}],"replies":[{"embeddable":true,"href":"https:\/\/geal.org.br\/juventude\/index.php?rest_route=%2Fwp%2Fv2%2Fcomments&post=1740"}],"version-history":[{"count":1,"href":"https:\/\/geal.org.br\/juventude\/index.php?rest_route=\/wp\/v2\/posts\/1740\/revisions"}],"predecessor-version":[{"id":1741,"href":"https:\/\/geal.org.br\/juventude\/index.php?rest_route=\/wp\/v2\/posts\/1740\/revisions\/1741"}],"wp:attachment":[{"href":"https:\/\/geal.org.br\/juventude\/index.php?rest_route=%2Fwp%2Fv2%2Fmedia&parent=1740"}],"wp:term":[{"taxonomy":"category","embeddable":true,"href":"https:\/\/geal.org.br\/juventude\/index.php?rest_route=%2Fwp%2Fv2%2Fcategories&post=1740"},{"taxonomy":"post_tag","embeddable":true,"href":"https:\/\/geal.org.br\/juventude\/index.php?rest_route=%2Fwp%2Fv2%2Ftags&post=1740"}],"curies":[{"name":"wp","href":"https:\/\/api.w.org\/{rel}","templated":true}]}}