{"id":1742,"date":"2021-04-01T00:38:44","date_gmt":"2021-04-01T00:38:44","guid":{"rendered":"http:\/\/geal.org.br\/juventude\/?p=1742"},"modified":"2021-04-01T00:38:44","modified_gmt":"2021-04-01T00:38:44","slug":"obrigado-senhor","status":"publish","type":"post","link":"https:\/\/geal.org.br\/juventude\/?p=1742","title":{"rendered":"Obrigado, Senhor!"},"content":{"rendered":"<p>H\u00e1 um s\u00e9culo, convidaste Allan Kardec, o ap\u00f3stolo de teus princ\u00edpios, \u00e0 revis\u00e3o dos ensinamentos e das promessas que dirigiste ao povo, no Serm\u00e3o da Montanha, e deste-nos \u201c0 Evangelho segundo o Espiritismo.<\/p>\n<p>Desejavas que o teu verbo, como outrora, se convertesse em p\u00e3o de alegria para os filhos da Terra e chamaste-nos \u00e0 caridade e \u00e0 f\u00e9, para que se nos purificassem as esperan\u00e7as nas fontes vivas do sentimento.<\/p>\n<p>Mensagens de paz e renova\u00e7\u00e3o clarearam o mundo! Diante das tuas verdades que se desentranharam da letra, abandonamos os redutos de sombra a que nos recolh\u00edamos, magnetizados por nossas pr\u00f3prias ilus\u00f5es, e ouvimos-te, de novo, a palavra solar da vida eterna!<\/p>\n<p>Agradecemos-te esse livro, em que nos induzes \u00e0 fraternidade e ao trabalho, \u00e0 compreens\u00e3o e \u00e0 toler\u00e2ncia, arrebatando-nos \u00e0 influ\u00eancia das trevas, pela certeza de tuas perenes consola\u00e7\u00f5es Obrigado, Senhor, n\u00e3o somente por n\u00f3s, que devemos a essas p\u00e1ginas as mais belas aspira\u00e7\u00f5es, nas tarefas do Cristianismo Redivivo, mas tamb\u00e9m por aqueles que as transfiguraram em b\u00fassola salvadora, nos labirintos da obsess\u00e3o e da delinqu\u00eancia; pelos que as abra\u00e7aram, quais \u00e2ncoras de apoio, em caliginosas noites de tenta\u00e7\u00e3o e desespero; por aqueles que, as consultaram, nos dias de afli\u00e7\u00e3o e desalento aceitando-lhes as, diretrizes seguras nas veredas da prova\u00e7\u00e3o regenerativa; pelos que as transformaram, em b\u00e1lsamo de conforto e paci\u00eancia, nos momentos de ang\u00fastia; pelos que ouviram, junto delas, o teu pedido de ora\u00e7\u00e3o e de amor a bem dos inimigos, esquecendo as afrontas que 1hes retalharam os cora\u00e7\u00f5es; pelos que as apertaram de encontro ao peito, para n\u00e3o tombarem asfixiados pelo pranto da saudade e da desola\u00e7\u00e3o \u00e0 frente da morte; e por todos aqueles outros que aprenderam com elas a viver e confiar servir e desencarnar, bendizendo-te o nome!<\/p>\n<p>Oh! Jesus! No luminoso centen\u00e1rio de \u201cO Evangelho segundo o Espiritismo, em v\u00e3o tentamos articular, diante de ti, a nossa gratid\u00e3o jubilosa!&#8230; Permite, pois, agrade\u00e7amos em prece a tua abnega\u00e7\u00e3o tutelar e, enlevados ante o Livro Sublime, que te revive a presen\u00e7a entre n\u00f3s, deixa que te possamos repetir, humildes e reverentes: Obrigado, Senhor!&#8230;<\/p>\n<p>(P\u00e1gina de gratid\u00e3o do autor do livro do m\u00eas)<\/p>\n","protected":false},"excerpt":{"rendered":"<p>H\u00e1 um s\u00e9culo, convidaste Allan Kardec, o ap\u00f3stolo de teus princ\u00edpios, \u00e0 revis\u00e3o dos ensinamentos e das promessas que dirigiste ao povo, no Serm\u00e3o da Montanha, e deste-nos \u201c0 Evangelho segundo o Espiritismo. Desejavas que o teu verbo, como outrora, se convertesse em p\u00e3o de alegria para os filhos da Terra e chamaste-nos \u00e0 caridade &hellip; <\/p>\n<p class=\"link-more\"><a href=\"https:\/\/geal.org.br\/juventude\/?p=1742\" class=\"more-link\">Continue lendo<span class=\"screen-reader-text\"> &#8220;Obrigado, Senhor!&#8221;<\/span><\/a><\/p>\n","protected":false},"author":1,"featured_media":0,"comment_status":"closed","ping_status":"open","sticky":false,"template":"","format":"standard","meta":[],"categories":[5],"tags":[],"_links":{"self":[{"href":"https:\/\/geal.org.br\/juventude\/index.php?rest_route=\/wp\/v2\/posts\/1742"}],"collection":[{"href":"https:\/\/geal.org.br\/juventude\/index.php?rest_route=\/wp\/v2\/posts"}],"about":[{"href":"https:\/\/geal.org.br\/juventude\/index.php?rest_route=\/wp\/v2\/types\/post"}],"author":[{"embeddable":true,"href":"https:\/\/geal.org.br\/juventude\/index.php?rest_route=\/wp\/v2\/users\/1"}],"replies":[{"embeddable":true,"href":"https:\/\/geal.org.br\/juventude\/index.php?rest_route=%2Fwp%2Fv2%2Fcomments&post=1742"}],"version-history":[{"count":1,"href":"https:\/\/geal.org.br\/juventude\/index.php?rest_route=\/wp\/v2\/posts\/1742\/revisions"}],"predecessor-version":[{"id":1743,"href":"https:\/\/geal.org.br\/juventude\/index.php?rest_route=\/wp\/v2\/posts\/1742\/revisions\/1743"}],"wp:attachment":[{"href":"https:\/\/geal.org.br\/juventude\/index.php?rest_route=%2Fwp%2Fv2%2Fmedia&parent=1742"}],"wp:term":[{"taxonomy":"category","embeddable":true,"href":"https:\/\/geal.org.br\/juventude\/index.php?rest_route=%2Fwp%2Fv2%2Fcategories&post=1742"},{"taxonomy":"post_tag","embeddable":true,"href":"https:\/\/geal.org.br\/juventude\/index.php?rest_route=%2Fwp%2Fv2%2Ftags&post=1742"}],"curies":[{"name":"wp","href":"https:\/\/api.w.org\/{rel}","templated":true}]}}