{"id":1754,"date":"2021-06-03T16:52:38","date_gmt":"2021-06-03T16:52:38","guid":{"rendered":"http:\/\/geal.org.br\/juventude\/?p=1754"},"modified":"2021-06-03T16:52:38","modified_gmt":"2021-06-03T16:52:38","slug":"refregas-da-evolucao-2","status":"publish","type":"post","link":"https:\/\/geal.org.br\/juventude\/?p=1754","title":{"rendered":"Refregas da evolu\u00e7\u00e3o"},"content":{"rendered":"<p>Apesar das rudes refregas da luta, n\u00e3o te deixes abater.<\/p>\n<p>Sob o peso de indescrit\u00edveis afli\u00e7\u00f5es, n\u00e3o te guardes \u00e0 sombra do desalento.<\/p>\n<p>Mesmo que os caminhos estejam refertos de dificuldades, n\u00e3o estaciones desanimado na jornada empreendida.<\/p>\n<p>Aprende com a natureza: a terra sacudida pelo desvario dos ventos renova-se, cessada a tormenta; o solo encharcado retoma a verdura, e o arvoredo esfacelado cobre-se novamente de flores.<\/p>\n<p>Em toda parte a vida se renova incessantemente, sob o l\u00e1tego das afli\u00e7\u00f5es, convidando-te a imitar-lhe o exemplo.<\/p>\n<p>N\u00e3o permitas, assim, que o pessimismo, esse conselheiro soez, balbucie aos teus ouvidos express\u00f5es de desencanto em rela\u00e7\u00e3o \u00e0s tarefas elegidas.<\/p>\n<p>Recorda Jesus, abandonado, tra\u00eddo, em extrema solid\u00e3o, plantando sozinho a espada luminosa do dever, desde ent\u00e3o transformada em marco de luz para a Humanidade inteira.<\/p>\n<p>(trecho do livro do m\u00eas)<\/p>\n","protected":false},"excerpt":{"rendered":"<p>Apesar das rudes refregas da luta, n\u00e3o te deixes abater. Sob o peso de indescrit\u00edveis afli\u00e7\u00f5es, n\u00e3o te guardes \u00e0 sombra do desalento. Mesmo que os caminhos estejam refertos de dificuldades, n\u00e3o estaciones desanimado na jornada empreendida. Aprende com a natureza: a terra sacudida pelo desvario dos ventos renova-se, cessada a tormenta; o solo encharcado &hellip; <\/p>\n<p class=\"link-more\"><a href=\"https:\/\/geal.org.br\/juventude\/?p=1754\" class=\"more-link\">Continue lendo<span class=\"screen-reader-text\"> &#8220;Refregas da evolu\u00e7\u00e3o&#8221;<\/span><\/a><\/p>\n","protected":false},"author":1,"featured_media":0,"comment_status":"closed","ping_status":"open","sticky":false,"template":"","format":"standard","meta":[],"categories":[5],"tags":[],"_links":{"self":[{"href":"https:\/\/geal.org.br\/juventude\/index.php?rest_route=\/wp\/v2\/posts\/1754"}],"collection":[{"href":"https:\/\/geal.org.br\/juventude\/index.php?rest_route=\/wp\/v2\/posts"}],"about":[{"href":"https:\/\/geal.org.br\/juventude\/index.php?rest_route=\/wp\/v2\/types\/post"}],"author":[{"embeddable":true,"href":"https:\/\/geal.org.br\/juventude\/index.php?rest_route=\/wp\/v2\/users\/1"}],"replies":[{"embeddable":true,"href":"https:\/\/geal.org.br\/juventude\/index.php?rest_route=%2Fwp%2Fv2%2Fcomments&post=1754"}],"version-history":[{"count":1,"href":"https:\/\/geal.org.br\/juventude\/index.php?rest_route=\/wp\/v2\/posts\/1754\/revisions"}],"predecessor-version":[{"id":1755,"href":"https:\/\/geal.org.br\/juventude\/index.php?rest_route=\/wp\/v2\/posts\/1754\/revisions\/1755"}],"wp:attachment":[{"href":"https:\/\/geal.org.br\/juventude\/index.php?rest_route=%2Fwp%2Fv2%2Fmedia&parent=1754"}],"wp:term":[{"taxonomy":"category","embeddable":true,"href":"https:\/\/geal.org.br\/juventude\/index.php?rest_route=%2Fwp%2Fv2%2Fcategories&post=1754"},{"taxonomy":"post_tag","embeddable":true,"href":"https:\/\/geal.org.br\/juventude\/index.php?rest_route=%2Fwp%2Fv2%2Ftags&post=1754"}],"curies":[{"name":"wp","href":"https:\/\/api.w.org\/{rel}","templated":true}]}}