{"id":1760,"date":"2021-08-27T23:32:05","date_gmt":"2021-08-27T23:32:05","guid":{"rendered":"http:\/\/geal.org.br\/juventude\/?p=1760"},"modified":"2021-08-27T23:32:05","modified_gmt":"2021-08-27T23:32:05","slug":"trecho-da-introducao-de-o-livro-dos-mediuns-2","status":"publish","type":"post","link":"https:\/\/geal.org.br\/juventude\/?p=1760","title":{"rendered":"Trecho da Introdu\u00e7\u00e3o de O Livro dos M\u00e9diuns"},"content":{"rendered":"<p>Desde alguns anos, o Espiritismo h\u00e1 realizado grandes progressos: imensos, por\u00e9m, s\u00e3o os que conseguiu realizar, a partir do momento em que tomou rumo filos\u00f3fico, porque entrou a ser apreciado pela gente instru\u00edda. Presentemente, j\u00e1 n\u00e3o \u00e9 um espet\u00e1culo: \u00e9 uma doutrina de que n\u00e3o mais riem os que zombavam das mesas girantes. Esfor\u00e7ando-nos por lev\u00e1-lo para esse terreno e por mant\u00ea-lo a\u00ed, nutrimos a convic\u00e7\u00e3o de que lhe granjeamos mais adeptos \u00fateis, do que provocando a torto e a direito manifesta\u00e7\u00f5es que se prestariam a abusos. Disso temos cotidianamente a prova em o n\u00famero dos que se h\u00e3o tornado esp\u00edritas unicamente pela leitura de \u201cO Livro dos Esp\u00edritos\u201d.<\/p>\n<p>Depois de havermos exposto, nesse livro, a parte filos\u00f3fica da ci\u00eancia esp\u00edrita, damos nesta obra a parte pr\u00e1tica, para uso dos que queiram ocupar-se com as manifesta\u00e7\u00f5es, quer para fazerem pessoalmente, quer para se inteirarem dos fen\u00f4menos que lhes sejam dados observar. Ver\u00e3o, a\u00ed, os \u00f3bices com que poder\u00e3o deparar e ter\u00e3o tamb\u00e9m um meio de evit\u00e1-los. Estas duas obras, se bem a segunda constitua seguimento da primeira, s\u00e3o, at\u00e9 certo ponto, independentes uma da outra.<\/p>\n<p>Mas, a quem quer que deseje tratar seriamente da mat\u00e9ria, diremos que primeiro leia \u201cO Livro dos Esp\u00edritos\u201d, porque cont\u00e9m princ\u00edpios b\u00e1sicos, sem os quais algumas partes deste se tornariam talvez dificilmente compreens\u00edveis.<\/p>\n","protected":false},"excerpt":{"rendered":"<p>Desde alguns anos, o Espiritismo h\u00e1 realizado grandes progressos: imensos, por\u00e9m, s\u00e3o os que conseguiu realizar, a partir do momento em que tomou rumo filos\u00f3fico, porque entrou a ser apreciado pela gente instru\u00edda. Presentemente, j\u00e1 n\u00e3o \u00e9 um espet\u00e1culo: \u00e9 uma doutrina de que n\u00e3o mais riem os que zombavam das mesas girantes. Esfor\u00e7ando-nos por &hellip; <\/p>\n<p class=\"link-more\"><a href=\"https:\/\/geal.org.br\/juventude\/?p=1760\" class=\"more-link\">Continue lendo<span class=\"screen-reader-text\"> &#8220;Trecho da Introdu\u00e7\u00e3o de O Livro dos M\u00e9diuns&#8221;<\/span><\/a><\/p>\n","protected":false},"author":1,"featured_media":0,"comment_status":"closed","ping_status":"open","sticky":false,"template":"","format":"standard","meta":[],"categories":[5],"tags":[],"_links":{"self":[{"href":"https:\/\/geal.org.br\/juventude\/index.php?rest_route=\/wp\/v2\/posts\/1760"}],"collection":[{"href":"https:\/\/geal.org.br\/juventude\/index.php?rest_route=\/wp\/v2\/posts"}],"about":[{"href":"https:\/\/geal.org.br\/juventude\/index.php?rest_route=\/wp\/v2\/types\/post"}],"author":[{"embeddable":true,"href":"https:\/\/geal.org.br\/juventude\/index.php?rest_route=\/wp\/v2\/users\/1"}],"replies":[{"embeddable":true,"href":"https:\/\/geal.org.br\/juventude\/index.php?rest_route=%2Fwp%2Fv2%2Fcomments&post=1760"}],"version-history":[{"count":1,"href":"https:\/\/geal.org.br\/juventude\/index.php?rest_route=\/wp\/v2\/posts\/1760\/revisions"}],"predecessor-version":[{"id":1761,"href":"https:\/\/geal.org.br\/juventude\/index.php?rest_route=\/wp\/v2\/posts\/1760\/revisions\/1761"}],"wp:attachment":[{"href":"https:\/\/geal.org.br\/juventude\/index.php?rest_route=%2Fwp%2Fv2%2Fmedia&parent=1760"}],"wp:term":[{"taxonomy":"category","embeddable":true,"href":"https:\/\/geal.org.br\/juventude\/index.php?rest_route=%2Fwp%2Fv2%2Fcategories&post=1760"},{"taxonomy":"post_tag","embeddable":true,"href":"https:\/\/geal.org.br\/juventude\/index.php?rest_route=%2Fwp%2Fv2%2Ftags&post=1760"}],"curies":[{"name":"wp","href":"https:\/\/api.w.org\/{rel}","templated":true}]}}