{"id":1762,"date":"2021-08-27T23:36:13","date_gmt":"2021-08-27T23:36:13","guid":{"rendered":"http:\/\/geal.org.br\/juventude\/?p=1762"},"modified":"2021-08-27T23:36:13","modified_gmt":"2021-08-27T23:36:13","slug":"livro-de-setembro-5","status":"publish","type":"post","link":"https:\/\/geal.org.br\/juventude\/?p=1762","title":{"rendered":"LIVRO DE SETEMBRO"},"content":{"rendered":"<p style=\"text-align: center;\"><span style=\"color: #ff0000;\"><strong>Livro dos M\u00e9diuns<\/strong><\/span><\/p>\n<p style=\"text-align: center;\"><strong><span style=\"color: #0000ff;\">Allan Kardec<\/span><\/strong><\/p>\n<p>&nbsp;<\/p>\n<p>Uma vez conclu\u00edda a tarefa essencial de publicar O Livro dos Esp\u00edritos, em 18 de abril de 1857, contendo as respostas das perguntas dirigidas aos Esp\u00edritos, Kardec deteve-se na preocupa\u00e7\u00e3o de orientar os interessados da nova doutrina em como conduzirem-se no interc\u00e2mbio com a vida espiritual, fonte daqueles ensinos.<\/p>\n<p>\u201cNem todos os Esp\u00edritos s\u00e3o de Deus\u201d, j\u00e1 havia advertido o ap\u00f3stolo Jo\u00e3o ao recomendar aos primeiros seguidores do Evangelho que o interc\u00e2mbio entre os dois planos da vida requer aten\u00e7\u00e3o e discernimento.<\/p>\n<p>Assim, em 1861, ele publica O Livro dos M\u00e9diuns, que, no dizer do grande m\u00e9dium e orador esp\u00edrita, Divaldo P. Franco, este livro \u00e9 o maior tratado de parapsicologia escrito at\u00e9 hoje.<\/p>\n<p>Se a f\u00e9 reside em for\u00e7as espirituais ainda impalp\u00e1veis para a grande parte da humanidade, ser\u00e1 pelo estudo destas for\u00e7as que lograremos consolid\u00e1-la em bases s\u00f3lidas, \u201cconstruindo nossa casa sobre a rocha\u201d, na express\u00e3o simb\u00f3lica de Jesus.<\/p>\n","protected":false},"excerpt":{"rendered":"<p>Livro dos M\u00e9diuns Allan Kardec &nbsp; Uma vez conclu\u00edda a tarefa essencial de publicar O Livro dos Esp\u00edritos, em 18 de abril de 1857, contendo as respostas das perguntas dirigidas aos Esp\u00edritos, Kardec deteve-se na preocupa\u00e7\u00e3o de orientar os interessados da nova doutrina em como conduzirem-se no interc\u00e2mbio com a vida espiritual, fonte daqueles ensinos. &hellip; <\/p>\n<p class=\"link-more\"><a href=\"https:\/\/geal.org.br\/juventude\/?p=1762\" class=\"more-link\">Continue lendo<span class=\"screen-reader-text\"> &#8220;LIVRO DE SETEMBRO&#8221;<\/span><\/a><\/p>\n","protected":false},"author":1,"featured_media":0,"comment_status":"closed","ping_status":"open","sticky":false,"template":"","format":"standard","meta":[],"categories":[5],"tags":[],"_links":{"self":[{"href":"https:\/\/geal.org.br\/juventude\/index.php?rest_route=\/wp\/v2\/posts\/1762"}],"collection":[{"href":"https:\/\/geal.org.br\/juventude\/index.php?rest_route=\/wp\/v2\/posts"}],"about":[{"href":"https:\/\/geal.org.br\/juventude\/index.php?rest_route=\/wp\/v2\/types\/post"}],"author":[{"embeddable":true,"href":"https:\/\/geal.org.br\/juventude\/index.php?rest_route=\/wp\/v2\/users\/1"}],"replies":[{"embeddable":true,"href":"https:\/\/geal.org.br\/juventude\/index.php?rest_route=%2Fwp%2Fv2%2Fcomments&post=1762"}],"version-history":[{"count":1,"href":"https:\/\/geal.org.br\/juventude\/index.php?rest_route=\/wp\/v2\/posts\/1762\/revisions"}],"predecessor-version":[{"id":1763,"href":"https:\/\/geal.org.br\/juventude\/index.php?rest_route=\/wp\/v2\/posts\/1762\/revisions\/1763"}],"wp:attachment":[{"href":"https:\/\/geal.org.br\/juventude\/index.php?rest_route=%2Fwp%2Fv2%2Fmedia&parent=1762"}],"wp:term":[{"taxonomy":"category","embeddable":true,"href":"https:\/\/geal.org.br\/juventude\/index.php?rest_route=%2Fwp%2Fv2%2Fcategories&post=1762"},{"taxonomy":"post_tag","embeddable":true,"href":"https:\/\/geal.org.br\/juventude\/index.php?rest_route=%2Fwp%2Fv2%2Ftags&post=1762"}],"curies":[{"name":"wp","href":"https:\/\/api.w.org\/{rel}","templated":true}]}}