{"id":1765,"date":"2021-10-02T13:47:42","date_gmt":"2021-10-02T13:47:42","guid":{"rendered":"http:\/\/geal.org.br\/juventude\/?p=1765"},"modified":"2021-10-02T13:47:42","modified_gmt":"2021-10-02T13:47:42","slug":"palavras-ao-autor-2","status":"publish","type":"post","link":"https:\/\/geal.org.br\/juventude\/?p=1765","title":{"rendered":"Palavras ao Autor"},"content":{"rendered":"<p><strong>Sim, meu amigo, observa a cachoeira que surge aos teus olhos. <\/strong><\/p>\n<p><strong>\u00c9 um espet\u00e1culo de beleza, guardando imensos potenciais de energia. <\/strong><\/p>\n<p><strong>Revela a gl\u00f3ria da Natureza. <\/strong><\/p>\n<p><strong>Destaca-se pela impon\u00eancia e impressiona pelo ru\u00eddo.<\/strong><\/p>\n<p><strong>Entretanto, para que se fa\u00e7a alicerce de benef\u00edcios mais simples, \u00e9 indispens\u00e1vel que a engenharia compare\u00e7a, disciplinando-lhe a for\u00e7a.<\/strong><\/p>\n<p><strong>\u00c9 ent\u00e3o que aparece a usina generosa, sustentando a ind\u00fastria, estendendo o trabalho, inspirando a cultura e garantindo o progresso.<\/strong><\/p>\n<p><strong>Assim tamb\u00e9m \u00e9 a mediunidade.<\/strong><\/p>\n<p><strong>Como a queda-d\u00e1gua, pode nascer em qualquer parte.<\/strong><\/p>\n<p><strong>N\u00e3o \u00e9 patrim\u00f4nio exclusivo de um grupo, nem privil\u00e9gio de algu\u00e9m.<\/strong><\/p>\n<p><strong>Desponta aqui e ali, adiante e acol\u00e1, guardando consigo revela\u00e7\u00f5es convincentes e possibilidades assombrosas.<\/strong><\/p>\n<p><strong>Contudo, para que se converta em manancial de aux\u00edlio perene, \u00e9 imprescind\u00edvel que a Doutrina Esp\u00edrita lhe clareie as manifesta\u00e7\u00f5es e lhe governe os impulsos.<\/strong><\/p>\n<p><strong>S\u00f3 ent\u00e3o se erige em fonte cont\u00ednua de ensinamento e socorro, consola\u00e7\u00e3o e b\u00ean\u00e7\u00e3o.<\/strong><\/p>\n<p><strong>Estudemo-la, pois, sob as diretrizes kardequianas que nos tra\u00e7am seguro caminho para o Cristo de Deus, atrav\u00e9s da revivesc\u00eancia do Evangelho simples e puro, a fim de que mediunidade e m\u00e9diuns se coloquem, realmente, a servi\u00e7o da sublima\u00e7\u00e3o espiritual. <\/strong><\/p>\n<p><strong>(Emmanuel no pref\u00e1cio do livro do m\u00eas)<\/strong><\/p>\n","protected":false},"excerpt":{"rendered":"<p>Sim, meu amigo, observa a cachoeira que surge aos teus olhos. \u00c9 um espet\u00e1culo de beleza, guardando imensos potenciais de energia. Revela a gl\u00f3ria da Natureza. Destaca-se pela impon\u00eancia e impressiona pelo ru\u00eddo. Entretanto, para que se fa\u00e7a alicerce de benef\u00edcios mais simples, \u00e9 indispens\u00e1vel que a engenharia compare\u00e7a, disciplinando-lhe a for\u00e7a. \u00c9 ent\u00e3o que &hellip; <\/p>\n<p class=\"link-more\"><a href=\"https:\/\/geal.org.br\/juventude\/?p=1765\" class=\"more-link\">Continue lendo<span class=\"screen-reader-text\"> &#8220;Palavras ao Autor&#8221;<\/span><\/a><\/p>\n","protected":false},"author":1,"featured_media":0,"comment_status":"closed","ping_status":"open","sticky":false,"template":"","format":"standard","meta":[],"categories":[5],"tags":[],"_links":{"self":[{"href":"https:\/\/geal.org.br\/juventude\/index.php?rest_route=\/wp\/v2\/posts\/1765"}],"collection":[{"href":"https:\/\/geal.org.br\/juventude\/index.php?rest_route=\/wp\/v2\/posts"}],"about":[{"href":"https:\/\/geal.org.br\/juventude\/index.php?rest_route=\/wp\/v2\/types\/post"}],"author":[{"embeddable":true,"href":"https:\/\/geal.org.br\/juventude\/index.php?rest_route=\/wp\/v2\/users\/1"}],"replies":[{"embeddable":true,"href":"https:\/\/geal.org.br\/juventude\/index.php?rest_route=%2Fwp%2Fv2%2Fcomments&post=1765"}],"version-history":[{"count":1,"href":"https:\/\/geal.org.br\/juventude\/index.php?rest_route=\/wp\/v2\/posts\/1765\/revisions"}],"predecessor-version":[{"id":1766,"href":"https:\/\/geal.org.br\/juventude\/index.php?rest_route=\/wp\/v2\/posts\/1765\/revisions\/1766"}],"wp:attachment":[{"href":"https:\/\/geal.org.br\/juventude\/index.php?rest_route=%2Fwp%2Fv2%2Fmedia&parent=1765"}],"wp:term":[{"taxonomy":"category","embeddable":true,"href":"https:\/\/geal.org.br\/juventude\/index.php?rest_route=%2Fwp%2Fv2%2Fcategories&post=1765"},{"taxonomy":"post_tag","embeddable":true,"href":"https:\/\/geal.org.br\/juventude\/index.php?rest_route=%2Fwp%2Fv2%2Ftags&post=1765"}],"curies":[{"name":"wp","href":"https:\/\/api.w.org\/{rel}","templated":true}]}}