{"id":1778,"date":"2021-10-30T23:54:49","date_gmt":"2021-10-30T23:54:49","guid":{"rendered":"http:\/\/geal.org.br\/juventude\/?p=1778"},"modified":"2021-10-30T23:54:49","modified_gmt":"2021-10-30T23:54:49","slug":"as-boas-novas","status":"publish","type":"post","link":"https:\/\/geal.org.br\/juventude\/?p=1778","title":{"rendered":"As Boas Novas"},"content":{"rendered":"<p>O mergulho de Jesus nos fluidos grosseiros do orbe terr\u00e1queo \u00e9 a hist\u00f3ria da reden\u00e7\u00e3o da pr\u00f3pria humanidade, que sai das furnas do \u201ceu\u201d para os altos p\u00edncaros da liberdade.<\/p>\n<p>Vivendo nos reinados de Augusto e Tib\u00e9rio cujas vidas assinalaram com vigor inusitado a Hist\u00f3ria, o Seu ber\u00e7o e Seu t\u00famulo marcaram indelevelmente os tempos, constituindo sinal divis\u00f3rio da Civiliza\u00e7\u00e3o, acontecimento predominante nos fastos da vida humana.<\/p>\n<p>Aceitando como ber\u00e7o o reduto hum\u00edlimo de uma estrebaria, no momento significativo de um censo, elaborou, desde o primeiro momento, a profunda li\u00e7\u00e3o da humildade para inaugurar um reinado diferente entre as criaturas, no justo momento em que a supremacia da for\u00e7a entronizava o gl\u00e1dio e a p\u00farpura atapetava o solo, alcatifando o piso por onde passavam os triunfadores.<\/p>\n<p>E n\u00e3o se afastou, jamais, da diretriz inicial assumida: a de servo de todos.<\/p>\n<p>***<\/p>\n<p>Ele chega silencioso, pulcro, e fica.<\/p>\n<p>Re\u00fane a malta dos aflitos e os agasalha ao pr\u00f3prio peito.<\/p>\n<p>Nada solicita, coisa alguma exige.<\/p>\n<p>Admoesta e ajuda.<\/p>\n<p>Verbera, rigoroso, e socorre.<\/p>\n<p>As Suas Boas Novas s\u00e3o orquestradas pela musicalidade espont\u00e2nea da Natureza, no cen\u00e1rio das primaveras e dos ver\u00f5es, entre as aldeias e o lago, no cora\u00e7\u00e3o exuberante da Terra em crescimento&#8230;<\/p>\n<p>E tra\u00eddo, magoado, encarcerado, vencido numa Cruz, elege uma tranquila e luminosa manh\u00e3 para ressurgir, buscando uma antiga obsidiada para dizer-lhe que a vida n\u00e3o cessa, e que o Reino de Deus est\u00e1 dentro do cora\u00e7\u00e3o&#8230;<\/p>\n<p style=\"text-align: right;\"><strong>(Am\u00e9lia Rodrigues \u00a0no livro Prim\u00edcias do Reino) <\/strong><\/p>\n<p><strong>\u00a0<\/strong><\/p>\n","protected":false},"excerpt":{"rendered":"<p>O mergulho de Jesus nos fluidos grosseiros do orbe terr\u00e1queo \u00e9 a hist\u00f3ria da reden\u00e7\u00e3o da pr\u00f3pria humanidade, que sai das furnas do \u201ceu\u201d para os altos p\u00edncaros da liberdade. Vivendo nos reinados de Augusto e Tib\u00e9rio cujas vidas assinalaram com vigor inusitado a Hist\u00f3ria, o Seu ber\u00e7o e Seu t\u00famulo marcaram indelevelmente os tempos, &hellip; <\/p>\n<p class=\"link-more\"><a href=\"https:\/\/geal.org.br\/juventude\/?p=1778\" class=\"more-link\">Continue lendo<span class=\"screen-reader-text\"> &#8220;As Boas Novas&#8221;<\/span><\/a><\/p>\n","protected":false},"author":1,"featured_media":0,"comment_status":"closed","ping_status":"open","sticky":false,"template":"","format":"standard","meta":[],"categories":[5],"tags":[],"_links":{"self":[{"href":"https:\/\/geal.org.br\/juventude\/index.php?rest_route=\/wp\/v2\/posts\/1778"}],"collection":[{"href":"https:\/\/geal.org.br\/juventude\/index.php?rest_route=\/wp\/v2\/posts"}],"about":[{"href":"https:\/\/geal.org.br\/juventude\/index.php?rest_route=\/wp\/v2\/types\/post"}],"author":[{"embeddable":true,"href":"https:\/\/geal.org.br\/juventude\/index.php?rest_route=\/wp\/v2\/users\/1"}],"replies":[{"embeddable":true,"href":"https:\/\/geal.org.br\/juventude\/index.php?rest_route=%2Fwp%2Fv2%2Fcomments&post=1778"}],"version-history":[{"count":1,"href":"https:\/\/geal.org.br\/juventude\/index.php?rest_route=\/wp\/v2\/posts\/1778\/revisions"}],"predecessor-version":[{"id":1779,"href":"https:\/\/geal.org.br\/juventude\/index.php?rest_route=\/wp\/v2\/posts\/1778\/revisions\/1779"}],"wp:attachment":[{"href":"https:\/\/geal.org.br\/juventude\/index.php?rest_route=%2Fwp%2Fv2%2Fmedia&parent=1778"}],"wp:term":[{"taxonomy":"category","embeddable":true,"href":"https:\/\/geal.org.br\/juventude\/index.php?rest_route=%2Fwp%2Fv2%2Fcategories&post=1778"},{"taxonomy":"post_tag","embeddable":true,"href":"https:\/\/geal.org.br\/juventude\/index.php?rest_route=%2Fwp%2Fv2%2Ftags&post=1778"}],"curies":[{"name":"wp","href":"https:\/\/api.w.org\/{rel}","templated":true}]}}