{"id":1802,"date":"2022-02-09T17:57:29","date_gmt":"2022-02-09T17:57:29","guid":{"rendered":"https:\/\/geal.org.br\/juventude\/?p=1802"},"modified":"2022-02-09T17:57:29","modified_gmt":"2022-02-09T17:57:29","slug":"no-plano-dos-sonhos-2","status":"publish","type":"post","link":"https:\/\/geal.org.br\/juventude\/?p=1802","title":{"rendered":"No plano dos sonhos"},"content":{"rendered":"<p>&#8230; O homem eterno guarda a lembran\u00e7a completa e conserva consigo todos os ensinamentos, intensificando-os e valorizando-os, de acordo com o estado evolutivo que lhe \u00e9 pr\u00f3prio. O homem f\u00edsico, entretanto, escravo de limita\u00e7\u00f5es necess\u00e1rias, n\u00e3o pode ir t\u00e3o longe. O c\u00e9rebro de carne, pelas injun\u00e7\u00f5es da luta a que o Esp\u00edrito foi chamado a viver, \u00e9 aparelho de potencial reduzido, dependendo muito da ilumina\u00e7\u00e3o de seu detentor, no que se refere \u00e0 fixa\u00e7\u00e3o de determinadas b\u00ean\u00e7\u00e3os divinas. Desse modo, Andr\u00e9, o arquivo de semelhantes reminisc\u00eancias, no livro tempor\u00e1rio das c\u00e9lulas cerebrais, \u00e9 muito diferente nos disc\u00edpulos entre si, variando de alma para alma. Entretanto, cabe-me acrescentar que, na mem\u00f3ria de todos os irm\u00e3os de boa vontade, permanecer\u00e1, de qualquer modo, o benef\u00edcio, ainda mesmo que eles, no per\u00edodo de vig\u00edlia, n\u00e3o consigam positivar a origem.<\/p>\n<p>(trecho do livro do m\u00eas &#8211; Mission\u00e1rios da Luz)<\/p>\n","protected":false},"excerpt":{"rendered":"<p>&#8230; O homem eterno guarda a lembran\u00e7a completa e conserva consigo todos os ensinamentos, intensificando-os e valorizando-os, de acordo com o estado evolutivo que lhe \u00e9 pr\u00f3prio. O homem f\u00edsico, entretanto, escravo de limita\u00e7\u00f5es necess\u00e1rias, n\u00e3o pode ir t\u00e3o longe. O c\u00e9rebro de carne, pelas injun\u00e7\u00f5es da luta a que o Esp\u00edrito foi chamado a &hellip; <\/p>\n<p class=\"link-more\"><a href=\"https:\/\/geal.org.br\/juventude\/?p=1802\" class=\"more-link\">Continue lendo<span class=\"screen-reader-text\"> &#8220;No plano dos sonhos&#8221;<\/span><\/a><\/p>\n","protected":false},"author":1,"featured_media":0,"comment_status":"closed","ping_status":"open","sticky":false,"template":"","format":"standard","meta":[],"categories":[5],"tags":[],"_links":{"self":[{"href":"https:\/\/geal.org.br\/juventude\/index.php?rest_route=\/wp\/v2\/posts\/1802"}],"collection":[{"href":"https:\/\/geal.org.br\/juventude\/index.php?rest_route=\/wp\/v2\/posts"}],"about":[{"href":"https:\/\/geal.org.br\/juventude\/index.php?rest_route=\/wp\/v2\/types\/post"}],"author":[{"embeddable":true,"href":"https:\/\/geal.org.br\/juventude\/index.php?rest_route=\/wp\/v2\/users\/1"}],"replies":[{"embeddable":true,"href":"https:\/\/geal.org.br\/juventude\/index.php?rest_route=%2Fwp%2Fv2%2Fcomments&post=1802"}],"version-history":[{"count":1,"href":"https:\/\/geal.org.br\/juventude\/index.php?rest_route=\/wp\/v2\/posts\/1802\/revisions"}],"predecessor-version":[{"id":1803,"href":"https:\/\/geal.org.br\/juventude\/index.php?rest_route=\/wp\/v2\/posts\/1802\/revisions\/1803"}],"wp:attachment":[{"href":"https:\/\/geal.org.br\/juventude\/index.php?rest_route=%2Fwp%2Fv2%2Fmedia&parent=1802"}],"wp:term":[{"taxonomy":"category","embeddable":true,"href":"https:\/\/geal.org.br\/juventude\/index.php?rest_route=%2Fwp%2Fv2%2Fcategories&post=1802"},{"taxonomy":"post_tag","embeddable":true,"href":"https:\/\/geal.org.br\/juventude\/index.php?rest_route=%2Fwp%2Fv2%2Ftags&post=1802"}],"curies":[{"name":"wp","href":"https:\/\/api.w.org\/{rel}","templated":true}]}}