{"id":1808,"date":"2022-03-07T22:20:20","date_gmt":"2022-03-07T22:20:20","guid":{"rendered":"https:\/\/geal.org.br\/juventude\/?p=1808"},"modified":"2022-03-07T22:20:20","modified_gmt":"2022-03-07T22:20:20","slug":"jesus-no-lar-2","status":"publish","type":"post","link":"https:\/\/geal.org.br\/juventude\/?p=1808","title":{"rendered":"Jesus no lar"},"content":{"rendered":"<p>Para a generalidade dos estudiosos, o Cristo permanece t\u00e3o-somente situado na Hist\u00f3ria modificando o curso dos acontecimentos pol\u00edticos do mundo; para a maioria dos te\u00f3logos, \u00e9 simples objeto de estudo, nas letras sagradas, imprimindo novo rumo \u00e0s interpreta\u00e7\u00f5es da f\u00e9; para os fil\u00f3sofos, \u00e9 o centro de pol\u00eamicas infind\u00e1veis, e, para a multid\u00e3o dos crentes inertes, \u00e9 o benfeitor providencial nas crises inquietantes da vida comum.<\/p>\n<p>Todavia, quando o homem percebe a grandeza da Boa Nova, compreende que o Mestre n\u00e3o \u00e9 apenas o reformador da civiliza\u00e7\u00e3o, o legislador da cren\u00e7a, o condutor do racioc\u00ednio ou o doador de facilidades terrestres, mas tamb\u00e9m, acima de tudo, o renovador da vida de cada um.<\/p>\n<p>Atingindo esse \u00e1pice do entendimento, a criatura ama o templo que lhe orienta o modo de ser; contudo, n\u00e3o se restringe \u00e0s reuni\u00f5es convencionais para as manifesta\u00e7\u00f5es adorativas e, sim, traz o Amigo Celeste ao santu\u00e1rio familiar, onde Jesus, ent\u00e3o, passa a controlar as paix\u00f5es, a corrigir as maneiras e a inspirar as palavras, habilitando o aprendiz a traduzir-lhe os ensinamentos eternos atrav\u00e9s de a\u00e7\u00f5es vivas, com as quais espera o Senhor estender o divino reinado da paz e do amor sobre a Terra.<\/p>\n<p>Quando o Evangelho penetra o Lar, o cora\u00e7\u00e3o abre mais facilmente a porta ao Mestre Divino.<\/p>\n<p>Neio L\u00facio conhece esta verdade profunda e consagra aos disc\u00edpulos novos algumas das li\u00e7\u00f5es do Senhor no c\u00edrculo mais \u00edntimo dos ap\u00f3stolos e seguidores da primeira hora. Hoje, que quase vinte s\u00e9culos s\u00e3o j\u00e1 decorridos sobre as prim\u00edcias da Boa Nova, o domic\u00edlio de Sim\u00e3o se transformou no mundo inteiro&#8230;<\/p>\n<p>Jesus continua falando aos companheiros de todas as latitudes. Que a sua voz incisiva e doce possa gravar no livro de nossa alma a li\u00e7\u00e3o renovadora de que carecemos \u00e0 frente do porvir, convertendo-nos em semeadores ativos de seu infinito amor, \u00e9 a felicidade maior a que poderemos aspirar.<\/p>\n<p><span style=\"color: #ff0000;\">(Emmanuel no pref\u00e1cio do livro Jesus no Lar \u2013 psic. F.C.Xavier)<\/span><\/p>\n","protected":false},"excerpt":{"rendered":"<p>Para a generalidade dos estudiosos, o Cristo permanece t\u00e3o-somente situado na Hist\u00f3ria modificando o curso dos acontecimentos pol\u00edticos do mundo; para a maioria dos te\u00f3logos, \u00e9 simples objeto de estudo, nas letras sagradas, imprimindo novo rumo \u00e0s interpreta\u00e7\u00f5es da f\u00e9; para os fil\u00f3sofos, \u00e9 o centro de pol\u00eamicas infind\u00e1veis, e, para a multid\u00e3o dos crentes &hellip; <\/p>\n<p class=\"link-more\"><a href=\"https:\/\/geal.org.br\/juventude\/?p=1808\" class=\"more-link\">Continue lendo<span class=\"screen-reader-text\"> &#8220;Jesus no lar&#8221;<\/span><\/a><\/p>\n","protected":false},"author":1,"featured_media":0,"comment_status":"closed","ping_status":"open","sticky":false,"template":"","format":"standard","meta":[],"categories":[5],"tags":[],"_links":{"self":[{"href":"https:\/\/geal.org.br\/juventude\/index.php?rest_route=\/wp\/v2\/posts\/1808"}],"collection":[{"href":"https:\/\/geal.org.br\/juventude\/index.php?rest_route=\/wp\/v2\/posts"}],"about":[{"href":"https:\/\/geal.org.br\/juventude\/index.php?rest_route=\/wp\/v2\/types\/post"}],"author":[{"embeddable":true,"href":"https:\/\/geal.org.br\/juventude\/index.php?rest_route=\/wp\/v2\/users\/1"}],"replies":[{"embeddable":true,"href":"https:\/\/geal.org.br\/juventude\/index.php?rest_route=%2Fwp%2Fv2%2Fcomments&post=1808"}],"version-history":[{"count":1,"href":"https:\/\/geal.org.br\/juventude\/index.php?rest_route=\/wp\/v2\/posts\/1808\/revisions"}],"predecessor-version":[{"id":1809,"href":"https:\/\/geal.org.br\/juventude\/index.php?rest_route=\/wp\/v2\/posts\/1808\/revisions\/1809"}],"wp:attachment":[{"href":"https:\/\/geal.org.br\/juventude\/index.php?rest_route=%2Fwp%2Fv2%2Fmedia&parent=1808"}],"wp:term":[{"taxonomy":"category","embeddable":true,"href":"https:\/\/geal.org.br\/juventude\/index.php?rest_route=%2Fwp%2Fv2%2Fcategories&post=1808"},{"taxonomy":"post_tag","embeddable":true,"href":"https:\/\/geal.org.br\/juventude\/index.php?rest_route=%2Fwp%2Fv2%2Ftags&post=1808"}],"curies":[{"name":"wp","href":"https:\/\/api.w.org\/{rel}","templated":true}]}}