{"id":1810,"date":"2022-03-07T22:21:37","date_gmt":"2022-03-07T22:21:37","guid":{"rendered":"https:\/\/geal.org.br\/juventude\/?p=1810"},"modified":"2022-03-07T22:21:37","modified_gmt":"2022-03-07T22:21:37","slug":"livro-de-marco-3","status":"publish","type":"post","link":"https:\/\/geal.org.br\/juventude\/?p=1810","title":{"rendered":"LIVRO DE MAR\u00c7O"},"content":{"rendered":"<p style=\"text-align: center;\"><strong><span style=\"color: #0000ff;\">Jesus no Lar<\/span><\/strong><\/p>\n<p style=\"text-align: center;\"><strong><span style=\"color: #ff0000;\">Neio L\u00facius \u2013 psic. F.C.Xavier<\/span><\/strong><\/p>\n<p>\u00a0\u00a0\u00a0\u00a0\u00a0\u00a0 O autor deste pequeno grande livro \u00e9 personagem de duas hist\u00f3rias reais narradas por Emmanuel nos romances \u201c50 anos depois\u201d e \u201cRen\u00fancia\u201d. No primeiro romance ele \u00e9 o av\u00f4 da personagem principal, C\u00e9lia Lucius, e aparece com o mesmo nome com que se identificou como Esp\u00edrito. No segundo \u00e9 Jacques Davenport, tio-av\u00f4 da personagem principal, Alcione. Em ambos demonstra ser um Esp\u00edrito nobre com grandes conquistas no campo da educa\u00e7\u00e3o.<\/p>\n<p>Apresenta-nos, neste livro, pequenas hist\u00f3rias narradas por Jesus na intimidade do lar de Sim\u00e3o Pedro, onde implanta o culto no lar, assinalando a import\u00e2ncia de nos reunirmos para a conversa\u00e7\u00e3o sadia em tornos das li\u00e7\u00f5es do Bem.<\/p>\n<p>Formado de hist\u00f3rias simples, atende a todas as faixas et\u00e1rias e \u00e9 um excelente recurso para dinamizar o culto no lar, seja com crian\u00e7as, seja com jovens e adultos.<\/p>\n","protected":false},"excerpt":{"rendered":"<p>Jesus no Lar Neio L\u00facius \u2013 psic. F.C.Xavier \u00a0\u00a0\u00a0\u00a0\u00a0\u00a0 O autor deste pequeno grande livro \u00e9 personagem de duas hist\u00f3rias reais narradas por Emmanuel nos romances \u201c50 anos depois\u201d e \u201cRen\u00fancia\u201d. No primeiro romance ele \u00e9 o av\u00f4 da personagem principal, C\u00e9lia Lucius, e aparece com o mesmo nome com que se identificou como Esp\u00edrito. &hellip; <\/p>\n<p class=\"link-more\"><a href=\"https:\/\/geal.org.br\/juventude\/?p=1810\" class=\"more-link\">Continue lendo<span class=\"screen-reader-text\"> &#8220;LIVRO DE MAR\u00c7O&#8221;<\/span><\/a><\/p>\n","protected":false},"author":1,"featured_media":0,"comment_status":"closed","ping_status":"open","sticky":false,"template":"","format":"standard","meta":[],"categories":[5],"tags":[],"_links":{"self":[{"href":"https:\/\/geal.org.br\/juventude\/index.php?rest_route=\/wp\/v2\/posts\/1810"}],"collection":[{"href":"https:\/\/geal.org.br\/juventude\/index.php?rest_route=\/wp\/v2\/posts"}],"about":[{"href":"https:\/\/geal.org.br\/juventude\/index.php?rest_route=\/wp\/v2\/types\/post"}],"author":[{"embeddable":true,"href":"https:\/\/geal.org.br\/juventude\/index.php?rest_route=\/wp\/v2\/users\/1"}],"replies":[{"embeddable":true,"href":"https:\/\/geal.org.br\/juventude\/index.php?rest_route=%2Fwp%2Fv2%2Fcomments&post=1810"}],"version-history":[{"count":1,"href":"https:\/\/geal.org.br\/juventude\/index.php?rest_route=\/wp\/v2\/posts\/1810\/revisions"}],"predecessor-version":[{"id":1811,"href":"https:\/\/geal.org.br\/juventude\/index.php?rest_route=\/wp\/v2\/posts\/1810\/revisions\/1811"}],"wp:attachment":[{"href":"https:\/\/geal.org.br\/juventude\/index.php?rest_route=%2Fwp%2Fv2%2Fmedia&parent=1810"}],"wp:term":[{"taxonomy":"category","embeddable":true,"href":"https:\/\/geal.org.br\/juventude\/index.php?rest_route=%2Fwp%2Fv2%2Fcategories&post=1810"},{"taxonomy":"post_tag","embeddable":true,"href":"https:\/\/geal.org.br\/juventude\/index.php?rest_route=%2Fwp%2Fv2%2Ftags&post=1810"}],"curies":[{"name":"wp","href":"https:\/\/api.w.org\/{rel}","templated":true}]}}