{"id":1818,"date":"2022-04-03T02:01:04","date_gmt":"2022-04-03T02:01:04","guid":{"rendered":"https:\/\/geal.org.br\/juventude\/?p=1818"},"modified":"2022-04-03T02:01:27","modified_gmt":"2022-04-03T02:01:27","slug":"livro-de-abril-3","status":"publish","type":"post","link":"https:\/\/geal.org.br\/juventude\/?p=1818","title":{"rendered":"LIVRO DE ABRIL"},"content":{"rendered":"<p style=\"text-align: center;\"><span style=\"color: #ff0000;\"><strong>Espiritismo e Pol\u00edtica<\/strong><\/span><\/p>\n<p style=\"text-align: center;\"><span style=\"color: #0000ff;\"><strong>Aylton Paiva<\/strong><\/span><\/p>\n<p>&nbsp;<\/p>\n<p>Na obra <em>Espiritismo e pol\u00edtica: contribui\u00e7\u00f5es para a evolu\u00e7\u00e3o do ser e da sociedade<\/em> o autor procura demonstrar que, \u201csob o aspecto filos\u00f3fico, o Espiritismo tem muito a ver com a Pol\u00edtica, j\u00e1 que esta deve ser a arte de administrar a sociedade de forma justa\u201d.<\/p>\n<p>\u00c9 um livro para ser estudado comparando-se com cada cap\u00edtulo de O Livro dos Esp\u00edritos a que se refere, o que pode ser feito individualmente ou em grupos de pessoas interessadas.<\/p>\n<p>Se o Espiritismo demonstra a necessidade do aprimoramento individual, por meio da autoedu-ca\u00e7\u00e3o, tamb\u00e9m nos convoca a uma viv\u00eancia social digna tendo em vista nossa contribui\u00e7\u00e3o com o aperfei\u00e7oamento da sociedade em que estamos inseridos.<\/p>\n<p>Existe, pois, uma inequ\u00edvoca contribui\u00e7\u00e3o pol\u00edtica que o Espiritismo oferece \u00e0 sociedade, a fim de que se estruture, se organize e trabalhe alicer\u00e7ada na verdade, na justi\u00e7a e no amor.<\/p>\n","protected":false},"excerpt":{"rendered":"<p>Espiritismo e Pol\u00edtica Aylton Paiva &nbsp; Na obra Espiritismo e pol\u00edtica: contribui\u00e7\u00f5es para a evolu\u00e7\u00e3o do ser e da sociedade o autor procura demonstrar que, \u201csob o aspecto filos\u00f3fico, o Espiritismo tem muito a ver com a Pol\u00edtica, j\u00e1 que esta deve ser a arte de administrar a sociedade de forma justa\u201d. \u00c9 um livro &hellip; <\/p>\n<p class=\"link-more\"><a href=\"https:\/\/geal.org.br\/juventude\/?p=1818\" class=\"more-link\">Continue lendo<span class=\"screen-reader-text\"> &#8220;LIVRO DE ABRIL&#8221;<\/span><\/a><\/p>\n","protected":false},"author":1,"featured_media":0,"comment_status":"closed","ping_status":"open","sticky":false,"template":"","format":"standard","meta":[],"categories":[5],"tags":[],"_links":{"self":[{"href":"https:\/\/geal.org.br\/juventude\/index.php?rest_route=\/wp\/v2\/posts\/1818"}],"collection":[{"href":"https:\/\/geal.org.br\/juventude\/index.php?rest_route=\/wp\/v2\/posts"}],"about":[{"href":"https:\/\/geal.org.br\/juventude\/index.php?rest_route=\/wp\/v2\/types\/post"}],"author":[{"embeddable":true,"href":"https:\/\/geal.org.br\/juventude\/index.php?rest_route=\/wp\/v2\/users\/1"}],"replies":[{"embeddable":true,"href":"https:\/\/geal.org.br\/juventude\/index.php?rest_route=%2Fwp%2Fv2%2Fcomments&post=1818"}],"version-history":[{"count":2,"href":"https:\/\/geal.org.br\/juventude\/index.php?rest_route=\/wp\/v2\/posts\/1818\/revisions"}],"predecessor-version":[{"id":1820,"href":"https:\/\/geal.org.br\/juventude\/index.php?rest_route=\/wp\/v2\/posts\/1818\/revisions\/1820"}],"wp:attachment":[{"href":"https:\/\/geal.org.br\/juventude\/index.php?rest_route=%2Fwp%2Fv2%2Fmedia&parent=1818"}],"wp:term":[{"taxonomy":"category","embeddable":true,"href":"https:\/\/geal.org.br\/juventude\/index.php?rest_route=%2Fwp%2Fv2%2Fcategories&post=1818"},{"taxonomy":"post_tag","embeddable":true,"href":"https:\/\/geal.org.br\/juventude\/index.php?rest_route=%2Fwp%2Fv2%2Ftags&post=1818"}],"curies":[{"name":"wp","href":"https:\/\/api.w.org\/{rel}","templated":true}]}}