{"id":1823,"date":"2022-05-15T23:15:08","date_gmt":"2022-05-15T23:15:08","guid":{"rendered":"https:\/\/geal.org.br\/juventude\/?p=1823"},"modified":"2022-05-15T23:15:08","modified_gmt":"2022-05-15T23:15:08","slug":"toc-toc-toc-2","status":"publish","type":"post","link":"https:\/\/geal.org.br\/juventude\/?p=1823","title":{"rendered":"Toc-toc-toc"},"content":{"rendered":"<p>Sabemos que a evoca\u00e7\u00e3o do passado e o registro do presente dependem das conex\u00f5es entre os neur\u00f4nios, as chamadas sinapses. H\u00e1 uma perda de ambos com o passar do tempo. O c\u00e9rebro tamb\u00e9m envelhece. Mas, e o Esp\u00edrito? N\u00e3o reside no ser pensante, imortal, a sede da mem\u00f3ria? N\u00e3o est\u00e1 o Esp\u00edrito isento de degenera\u00e7\u00e3o celular?<\/p>\n<p>Obviamente, sim! Ocorre que, enquanto encarnados, dependemos do corpo para as inser\u00e7\u00f5es mneum\u00f4nicas na dimens\u00e3o f\u00edsica, tanto quanto o pianista depende do piano ou o orador depende das cordas vocais. Uma das raz\u00f5es pelas quais n\u00e3o temos consci\u00eancia das vidas anteriores \u00e9 a aus\u00eancia de registros relacionados com elas em nosso c\u00e9rebro. Pelo mesmo motivo, temos dificuldades para lembrar as experi\u00eancias extracorp\u00f3reas, durante as horas de sono, na emancipa\u00e7\u00e3o da alma, como define Allan Kardec.<\/p>\n<p>[&#8230;] Sabe-se hoje que \u00e9 poss\u00edvel prolongar o vi\u00e7o, cultivando exist\u00eancia saud\u00e1vel \u2013 gin\u00e1stica, alimenta\u00e7\u00e3o adequada, disciplina de trabalho e repouso, aus\u00eancia de v\u00edcios&#8230;<\/p>\n<p>[&#8230;] A experi\u00eancia demonstra: as pessoas que cultivam o h\u00e1bito de ler chegam mais longe com lucidez, preservam a mem\u00f3ria, n\u00e3o obstante o avan\u00e7ar dos anos.<\/p>\n<p>[&#8230;] Um velhinho de oitenta anos prop\u00f4s-se a tocar piano. O professor alertou:<\/p>\n<p>&#8211; Estudo longo e cansativo. Pela ordem natural, o senhor n\u00e3o usufruir\u00e1 desse aprendizado.<\/p>\n<p>E ele, animado:<\/p>\n<p>&#8211; De forma alguma! Se n\u00e3o der para tocar aqui, serei pianista no Al\u00e9m!<\/p>\n<p>Cert\u00edssimo! \u00c9 assim que crescemos espiritualmente e mantemos \u201cazeitadas\u201d as engrenagens da mente, para que nunca nos falte esse <em>elan<\/em> que valoriza e torna feliz a exist\u00eancia, promovendo nossa evolu\u00e7\u00e3o.<\/p>\n<p style=\"text-align: center;\">(Trecho do livro do m\u00eas)<\/p>\n","protected":false},"excerpt":{"rendered":"<p>Sabemos que a evoca\u00e7\u00e3o do passado e o registro do presente dependem das conex\u00f5es entre os neur\u00f4nios, as chamadas sinapses. H\u00e1 uma perda de ambos com o passar do tempo. O c\u00e9rebro tamb\u00e9m envelhece. Mas, e o Esp\u00edrito? N\u00e3o reside no ser pensante, imortal, a sede da mem\u00f3ria? N\u00e3o est\u00e1 o Esp\u00edrito isento de degenera\u00e7\u00e3o &hellip; <\/p>\n<p class=\"link-more\"><a href=\"https:\/\/geal.org.br\/juventude\/?p=1823\" class=\"more-link\">Continue lendo<span class=\"screen-reader-text\"> &#8220;Toc-toc-toc&#8221;<\/span><\/a><\/p>\n","protected":false},"author":1,"featured_media":0,"comment_status":"closed","ping_status":"open","sticky":false,"template":"","format":"standard","meta":[],"categories":[5],"tags":[],"_links":{"self":[{"href":"https:\/\/geal.org.br\/juventude\/index.php?rest_route=\/wp\/v2\/posts\/1823"}],"collection":[{"href":"https:\/\/geal.org.br\/juventude\/index.php?rest_route=\/wp\/v2\/posts"}],"about":[{"href":"https:\/\/geal.org.br\/juventude\/index.php?rest_route=\/wp\/v2\/types\/post"}],"author":[{"embeddable":true,"href":"https:\/\/geal.org.br\/juventude\/index.php?rest_route=\/wp\/v2\/users\/1"}],"replies":[{"embeddable":true,"href":"https:\/\/geal.org.br\/juventude\/index.php?rest_route=%2Fwp%2Fv2%2Fcomments&post=1823"}],"version-history":[{"count":1,"href":"https:\/\/geal.org.br\/juventude\/index.php?rest_route=\/wp\/v2\/posts\/1823\/revisions"}],"predecessor-version":[{"id":1824,"href":"https:\/\/geal.org.br\/juventude\/index.php?rest_route=\/wp\/v2\/posts\/1823\/revisions\/1824"}],"wp:attachment":[{"href":"https:\/\/geal.org.br\/juventude\/index.php?rest_route=%2Fwp%2Fv2%2Fmedia&parent=1823"}],"wp:term":[{"taxonomy":"category","embeddable":true,"href":"https:\/\/geal.org.br\/juventude\/index.php?rest_route=%2Fwp%2Fv2%2Fcategories&post=1823"},{"taxonomy":"post_tag","embeddable":true,"href":"https:\/\/geal.org.br\/juventude\/index.php?rest_route=%2Fwp%2Fv2%2Ftags&post=1823"}],"curies":[{"name":"wp","href":"https:\/\/api.w.org\/{rel}","templated":true}]}}