{"id":1828,"date":"2022-06-08T12:47:02","date_gmt":"2022-06-08T12:47:02","guid":{"rendered":"https:\/\/geal.org.br\/juventude\/?p=1828"},"modified":"2022-06-08T12:47:02","modified_gmt":"2022-06-08T12:47:02","slug":"livro-de-junho-4","status":"publish","type":"post","link":"https:\/\/geal.org.br\/juventude\/?p=1828","title":{"rendered":"LIVRO DE JUNHO"},"content":{"rendered":"<p style=\"text-align: center;\"><span style=\"color: #ff0000;\"><strong>Mecanismos da mediunidade<\/strong><\/span><\/p>\n<p style=\"text-align: center;\"><span style=\"color: #0000ff;\"><strong>Andr\u00e9 Luiz \u2013 psic. F.C.Xavier e Waldo Vieira<\/strong><\/span><\/p>\n<p>&nbsp;<\/p>\n<p>Publicado em 1959, este livro de Andr\u00e9 Luiz, junto com o livro \u201cEvolu\u00e7\u00e3o em dois mundos\u201d, que j\u00e1 havia sido publicado um ano antes, apresenta os conceitos da filosofia esp\u00edrita com os recursos da ci\u00eancia desenvolvida at\u00e9 ent\u00e3o.<\/p>\n<p>Neste livro, particularmente, a teoria j\u00e1 bem desenvolvida sobre o eletromagnetismo oferece elementos claros para explicar a for\u00e7a do pensamento.<\/p>\n<p>\u00c9 assim que o autor se utiliza dos conceitos de ondas, microf\u00edsica, campo eletromagn\u00e9tico, circuitos el\u00e9trico e energia, para nos trazer no\u00e7\u00f5es sobre percep\u00e7\u00f5es, mat\u00e9ria mental, corrente mental, circuito medi\u00fanico, cargas mentais, ideoplastia, psicometria, ora\u00e7\u00e3o e muito mais.<\/p>\n<p>Se, \u00e9 certo, que requer uma base de conhecimentos sobre ci\u00eancias f\u00edsicas, por outro lado nos amplia, de forma racional, o entendimento dos fen\u00f4menos medi\u00fanicos, mostrando-nos que esta for\u00e7a da natureza est\u00e1 muito mais presente em nossas vidas do que imaginamos. Al\u00e9m disso abre-nos as portas para a compreens\u00e3o dessa potencialidade humana do futuro.<\/p>\n<p>&nbsp;<\/p>\n","protected":false},"excerpt":{"rendered":"<p>Mecanismos da mediunidade Andr\u00e9 Luiz \u2013 psic. F.C.Xavier e Waldo Vieira &nbsp; Publicado em 1959, este livro de Andr\u00e9 Luiz, junto com o livro \u201cEvolu\u00e7\u00e3o em dois mundos\u201d, que j\u00e1 havia sido publicado um ano antes, apresenta os conceitos da filosofia esp\u00edrita com os recursos da ci\u00eancia desenvolvida at\u00e9 ent\u00e3o. Neste livro, particularmente, a teoria &hellip; <\/p>\n<p class=\"link-more\"><a href=\"https:\/\/geal.org.br\/juventude\/?p=1828\" class=\"more-link\">Continue lendo<span class=\"screen-reader-text\"> &#8220;LIVRO DE JUNHO&#8221;<\/span><\/a><\/p>\n","protected":false},"author":1,"featured_media":0,"comment_status":"closed","ping_status":"open","sticky":false,"template":"","format":"standard","meta":[],"categories":[5],"tags":[],"_links":{"self":[{"href":"https:\/\/geal.org.br\/juventude\/index.php?rest_route=\/wp\/v2\/posts\/1828"}],"collection":[{"href":"https:\/\/geal.org.br\/juventude\/index.php?rest_route=\/wp\/v2\/posts"}],"about":[{"href":"https:\/\/geal.org.br\/juventude\/index.php?rest_route=\/wp\/v2\/types\/post"}],"author":[{"embeddable":true,"href":"https:\/\/geal.org.br\/juventude\/index.php?rest_route=\/wp\/v2\/users\/1"}],"replies":[{"embeddable":true,"href":"https:\/\/geal.org.br\/juventude\/index.php?rest_route=%2Fwp%2Fv2%2Fcomments&post=1828"}],"version-history":[{"count":1,"href":"https:\/\/geal.org.br\/juventude\/index.php?rest_route=\/wp\/v2\/posts\/1828\/revisions"}],"predecessor-version":[{"id":1829,"href":"https:\/\/geal.org.br\/juventude\/index.php?rest_route=\/wp\/v2\/posts\/1828\/revisions\/1829"}],"wp:attachment":[{"href":"https:\/\/geal.org.br\/juventude\/index.php?rest_route=%2Fwp%2Fv2%2Fmedia&parent=1828"}],"wp:term":[{"taxonomy":"category","embeddable":true,"href":"https:\/\/geal.org.br\/juventude\/index.php?rest_route=%2Fwp%2Fv2%2Fcategories&post=1828"},{"taxonomy":"post_tag","embeddable":true,"href":"https:\/\/geal.org.br\/juventude\/index.php?rest_route=%2Fwp%2Fv2%2Ftags&post=1828"}],"curies":[{"name":"wp","href":"https:\/\/api.w.org\/{rel}","templated":true}]}}