{"id":1830,"date":"2022-06-08T12:48:11","date_gmt":"2022-06-08T12:48:11","guid":{"rendered":"https:\/\/geal.org.br\/juventude\/?p=1830"},"modified":"2022-06-08T12:48:11","modified_gmt":"2022-06-08T12:48:11","slug":"homem-e-ondas","status":"publish","type":"post","link":"https:\/\/geal.org.br\/juventude\/?p=1830","title":{"rendered":"HOMEM E ONDAS"},"content":{"rendered":"<p>Simplificando conceitos em torno da escala das ondas, recordemos que, oscilando de maneira integral, sacudidos simplesmente nos el\u00e9trons de suas \u00f3rbitas ou excitados apenas em seus n\u00facleos, os \u00e1tomos lan\u00e7am de si ondas que produzem calor e som, luz e raios gama, atrav\u00e9s de inumer\u00e1veis combina\u00e7\u00f5es.<\/p>\n<p>Assim \u00e9 que entre as ondas da corrente alter\u00adnada para objetivos industriais, as ondas do r\u00e1dio, as da luz e dos raios X, tanto quanto as que de\u00adfinem os raios c\u00f3smicos e as que se superp\u00f5em al\u00e9m deles, n\u00e3o existe qualquer diferen\u00e7a de natu\u00adreza, mas sim de frequ\u00eancia, considerado o modo em que se exprimem.<\/p>\n<p>E o homem, colocado nas faixas desse imenso dom\u00ednio, em que a mat\u00e9ria quanto mais estudada mais se revela qual feixe de for\u00e7as em tempor\u00e1ria associa\u00e7\u00e3o, somente assinala as ondas que se lhe afinam com o modo de ser.<\/p>\n<p>Temo-lo, dessa maneira, por viajante do Cos\u00admo, respirando num vast\u00edssimo imp\u00e9rio de ondas que se comportam como massa ou vice-versa, con\u00addicionado, nas suas percep\u00e7\u00f5es, \u00e0 escala do pro\u00adgresso que j\u00e1 alcan\u00e7ou, progresso esse que se mostra sempre acrescentado pelo patrim\u00f4nio de ex\u00adperi\u00eancia em que se gradua, no campo mental que lhe \u00e9 caracter\u00edstico, em cujas dimens\u00f5es revela o que a vida j\u00e1 lhe deu, ou <strong>tempo de evolu\u00e7\u00e3o<\/strong>, e aquilo que ele pr\u00f3prio j\u00e1 deu \u00e0 vida, ou <strong>tempo de esfor\u00e7o pessoal na constru\u00e7\u00e3o do destino<\/strong>. Para a valoriza\u00e7\u00e3o e enriquecimento do caminho que lhe compete percorrer, recebe dessa mesma vida, que o acalenta e a que deve servir, o tesouro do c\u00e9re\u00adbro, por interm\u00e9dio do qual exterioriza as ondas que lhe marcam a individualidade, no concerto das for\u00e7as universais, e absorve aquelas com as quais pode entrar em sintonia, ampliando, os recursos do seu cabedal de conhecimento, e das quais se deve aproveitar, no aprimoramento intensivo de si mesmo, no trabalho da pr\u00f3pria sublima\u00e7\u00e3o.<\/p>\n<p>(Trecho do cap. 1 do livro do m\u00eas)<\/p>\n","protected":false},"excerpt":{"rendered":"<p>Simplificando conceitos em torno da escala das ondas, recordemos que, oscilando de maneira integral, sacudidos simplesmente nos el\u00e9trons de suas \u00f3rbitas ou excitados apenas em seus n\u00facleos, os \u00e1tomos lan\u00e7am de si ondas que produzem calor e som, luz e raios gama, atrav\u00e9s de inumer\u00e1veis combina\u00e7\u00f5es. Assim \u00e9 que entre as ondas da corrente alter\u00adnada &hellip; <\/p>\n<p class=\"link-more\"><a href=\"https:\/\/geal.org.br\/juventude\/?p=1830\" class=\"more-link\">Continue lendo<span class=\"screen-reader-text\"> &#8220;HOMEM E ONDAS&#8221;<\/span><\/a><\/p>\n","protected":false},"author":1,"featured_media":0,"comment_status":"closed","ping_status":"open","sticky":false,"template":"","format":"standard","meta":[],"categories":[5],"tags":[],"_links":{"self":[{"href":"https:\/\/geal.org.br\/juventude\/index.php?rest_route=\/wp\/v2\/posts\/1830"}],"collection":[{"href":"https:\/\/geal.org.br\/juventude\/index.php?rest_route=\/wp\/v2\/posts"}],"about":[{"href":"https:\/\/geal.org.br\/juventude\/index.php?rest_route=\/wp\/v2\/types\/post"}],"author":[{"embeddable":true,"href":"https:\/\/geal.org.br\/juventude\/index.php?rest_route=\/wp\/v2\/users\/1"}],"replies":[{"embeddable":true,"href":"https:\/\/geal.org.br\/juventude\/index.php?rest_route=%2Fwp%2Fv2%2Fcomments&post=1830"}],"version-history":[{"count":1,"href":"https:\/\/geal.org.br\/juventude\/index.php?rest_route=\/wp\/v2\/posts\/1830\/revisions"}],"predecessor-version":[{"id":1831,"href":"https:\/\/geal.org.br\/juventude\/index.php?rest_route=\/wp\/v2\/posts\/1830\/revisions\/1831"}],"wp:attachment":[{"href":"https:\/\/geal.org.br\/juventude\/index.php?rest_route=%2Fwp%2Fv2%2Fmedia&parent=1830"}],"wp:term":[{"taxonomy":"category","embeddable":true,"href":"https:\/\/geal.org.br\/juventude\/index.php?rest_route=%2Fwp%2Fv2%2Fcategories&post=1830"},{"taxonomy":"post_tag","embeddable":true,"href":"https:\/\/geal.org.br\/juventude\/index.php?rest_route=%2Fwp%2Fv2%2Ftags&post=1830"}],"curies":[{"name":"wp","href":"https:\/\/api.w.org\/{rel}","templated":true}]}}