{"id":1845,"date":"2022-07-31T19:39:46","date_gmt":"2022-07-31T19:39:46","guid":{"rendered":"https:\/\/geal.org.br\/juventude\/?p=1845"},"modified":"2022-07-31T19:39:46","modified_gmt":"2022-07-31T19:39:46","slug":"o-tecido-da-roupa-de-scheila","status":"publish","type":"post","link":"https:\/\/geal.org.br\/juventude\/?p=1845","title":{"rendered":"O tecido da roupa de Scheila"},"content":{"rendered":"<p>[&#8230;] Jos\u00e9 Grosso pediu para cantarmos outro hino e se retirou. Scheilla solicitou a um assistente para acender as quatro l\u00e2mpadas vermelhas do sal\u00e3o. N\u00e3o era usual tal ilumina\u00e7\u00e3o, porquanto poderia trazer rea\u00e7\u00f5es prejudiciais ao ectoplasma. Entretanto, os companheiros espirituais tinham tomado os cuidados exigidos e tudo transcorreu em seguran\u00e7a.<\/p>\n<p>Scheilla retornou e se p\u00f4s \u00e0 frente da primeira fila de cadeiras. Acariciou a cabe\u00e7a da companheira L\u00f3, chegou-se a mim, colocou a m\u00e3o esquerda sobre a minha cabe\u00e7a e passou a conversar com os assistentes.<\/p>\n<p>Trajava vestes alvas e cobria a cabe\u00e7a com um tecido fin\u00edssimo a vedar-lhe o rosto. A luz vermelha a deixava bem vis\u00edvel. Ergui os olhos, observando-a. Notando minha curiosidade, aproximou-se. Pude ent\u00e3o observar sua pele muito clara, nariz bem talhado. Sensibilizava-me a express\u00e3o delicada, pr\u00f3pria dos anjos&#8230;<\/p>\n<p>Scheilla retirou um peda\u00e7o de suas vestes e ofereceu a L\u00f3. Depois, outros retalhos foram ofertados aos assistentes. Em seguida, recomendou apagar as luzes.<\/p>\n<p>Celso de Castro, no dia seguinte, levou o pano ao Instituto de Tecnologia e Mineralogia de Minas Gerais e pediu aos colegas engenheiros para analis\u00e1-lo. N\u00e3o explicou sua origem. O laudo: \u201cTecido estranho para as ci\u00eancias. Nenhuma das part\u00edculas tem rela\u00e7\u00e3o com seda, algod\u00e3o, l\u00e3 ou com todos os tecidos sint\u00e9ticos.\u201d<\/p>\n<p style=\"text-align: right;\">(trecho do cap. 48 do livro do m\u00eas)<\/p>\n","protected":false},"excerpt":{"rendered":"<p>[&#8230;] Jos\u00e9 Grosso pediu para cantarmos outro hino e se retirou. Scheilla solicitou a um assistente para acender as quatro l\u00e2mpadas vermelhas do sal\u00e3o. N\u00e3o era usual tal ilumina\u00e7\u00e3o, porquanto poderia trazer rea\u00e7\u00f5es prejudiciais ao ectoplasma. Entretanto, os companheiros espirituais tinham tomado os cuidados exigidos e tudo transcorreu em seguran\u00e7a. Scheilla retornou e se p\u00f4s &hellip; <\/p>\n<p class=\"link-more\"><a href=\"https:\/\/geal.org.br\/juventude\/?p=1845\" class=\"more-link\">Continue lendo<span class=\"screen-reader-text\"> &#8220;O tecido da roupa de Scheila&#8221;<\/span><\/a><\/p>\n","protected":false},"author":1,"featured_media":0,"comment_status":"closed","ping_status":"open","sticky":false,"template":"","format":"standard","meta":[],"categories":[5],"tags":[],"_links":{"self":[{"href":"https:\/\/geal.org.br\/juventude\/index.php?rest_route=\/wp\/v2\/posts\/1845"}],"collection":[{"href":"https:\/\/geal.org.br\/juventude\/index.php?rest_route=\/wp\/v2\/posts"}],"about":[{"href":"https:\/\/geal.org.br\/juventude\/index.php?rest_route=\/wp\/v2\/types\/post"}],"author":[{"embeddable":true,"href":"https:\/\/geal.org.br\/juventude\/index.php?rest_route=\/wp\/v2\/users\/1"}],"replies":[{"embeddable":true,"href":"https:\/\/geal.org.br\/juventude\/index.php?rest_route=%2Fwp%2Fv2%2Fcomments&post=1845"}],"version-history":[{"count":1,"href":"https:\/\/geal.org.br\/juventude\/index.php?rest_route=\/wp\/v2\/posts\/1845\/revisions"}],"predecessor-version":[{"id":1846,"href":"https:\/\/geal.org.br\/juventude\/index.php?rest_route=\/wp\/v2\/posts\/1845\/revisions\/1846"}],"wp:attachment":[{"href":"https:\/\/geal.org.br\/juventude\/index.php?rest_route=%2Fwp%2Fv2%2Fmedia&parent=1845"}],"wp:term":[{"taxonomy":"category","embeddable":true,"href":"https:\/\/geal.org.br\/juventude\/index.php?rest_route=%2Fwp%2Fv2%2Fcategories&post=1845"},{"taxonomy":"post_tag","embeddable":true,"href":"https:\/\/geal.org.br\/juventude\/index.php?rest_route=%2Fwp%2Fv2%2Ftags&post=1845"}],"curies":[{"name":"wp","href":"https:\/\/api.w.org\/{rel}","templated":true}]}}