{"id":1848,"date":"2022-09-02T18:53:50","date_gmt":"2022-09-02T18:53:50","guid":{"rendered":"https:\/\/geal.org.br\/juventude\/?p=1848"},"modified":"2022-09-02T18:53:50","modified_gmt":"2022-09-02T18:53:50","slug":"livro-de-setembro-6","status":"publish","type":"post","link":"https:\/\/geal.org.br\/juventude\/?p=1848","title":{"rendered":"LIVRO DE SETEMBRO"},"content":{"rendered":"<p style=\"text-align: center;\"><span style=\"color: #ff0000;\"><strong>Novas Mensagens<\/strong><\/span><\/p>\n<p style=\"text-align: center;\"><span style=\"color: #0000ff;\"><strong>Irm\u00e3o X \u2013 psic. F.C.Xavier e Waldo Vieira<\/strong><\/span><\/p>\n<p>&nbsp;<\/p>\n<p>Este livro foi publicado em 1939, sob o codinome de \u201cIrm\u00e3o X\u201d, para resguardar o m\u00e9dium de novas complica\u00e7\u00f5es, j\u00e1 que fora, quando encarnado, o renomado membro da Academia Brasileira de Letras, Humberto de Campos.<\/p>\n<p>A Segunda Guerra Mundial havia rec\u00e9m iniciado e o mundo, aterrado com esse grande desastre, tentava se sustentar social e economicamente.<\/p>\n<p>O autor espiritual, utilizando-se da pena medi\u00fanica de Chico Xavier, traz-nos este livro contendo 13 pequenas cr\u00f4nicas sob alguns temas de alto valor doutrin\u00e1rio, tais como sua viagem ao planeta Marte, uma entrevista com o imperador D.Pedro II, a hist\u00f3ria de um m\u00e9dium, a morte do Papa Pio XI e outros mais.<\/p>\n<p>A intimidade da vida ap\u00f3s a morte f\u00edsica, ilustrada com o sabor de um grande cronista, que ao chegar ao plano espiritual ampliou sua vis\u00e3o brindando-nos com suas valiosas contribui\u00e7\u00f5es, torna-se mais f\u00e1cil de ser entendida.<\/p>\n<p>&nbsp;<\/p>\n","protected":false},"excerpt":{"rendered":"<p>Novas Mensagens Irm\u00e3o X \u2013 psic. F.C.Xavier e Waldo Vieira &nbsp; Este livro foi publicado em 1939, sob o codinome de \u201cIrm\u00e3o X\u201d, para resguardar o m\u00e9dium de novas complica\u00e7\u00f5es, j\u00e1 que fora, quando encarnado, o renomado membro da Academia Brasileira de Letras, Humberto de Campos. A Segunda Guerra Mundial havia rec\u00e9m iniciado e o &hellip; <\/p>\n<p class=\"link-more\"><a href=\"https:\/\/geal.org.br\/juventude\/?p=1848\" class=\"more-link\">Continue lendo<span class=\"screen-reader-text\"> &#8220;LIVRO DE SETEMBRO&#8221;<\/span><\/a><\/p>\n","protected":false},"author":1,"featured_media":0,"comment_status":"closed","ping_status":"open","sticky":false,"template":"","format":"standard","meta":[],"categories":[5],"tags":[],"_links":{"self":[{"href":"https:\/\/geal.org.br\/juventude\/index.php?rest_route=\/wp\/v2\/posts\/1848"}],"collection":[{"href":"https:\/\/geal.org.br\/juventude\/index.php?rest_route=\/wp\/v2\/posts"}],"about":[{"href":"https:\/\/geal.org.br\/juventude\/index.php?rest_route=\/wp\/v2\/types\/post"}],"author":[{"embeddable":true,"href":"https:\/\/geal.org.br\/juventude\/index.php?rest_route=\/wp\/v2\/users\/1"}],"replies":[{"embeddable":true,"href":"https:\/\/geal.org.br\/juventude\/index.php?rest_route=%2Fwp%2Fv2%2Fcomments&post=1848"}],"version-history":[{"count":1,"href":"https:\/\/geal.org.br\/juventude\/index.php?rest_route=\/wp\/v2\/posts\/1848\/revisions"}],"predecessor-version":[{"id":1849,"href":"https:\/\/geal.org.br\/juventude\/index.php?rest_route=\/wp\/v2\/posts\/1848\/revisions\/1849"}],"wp:attachment":[{"href":"https:\/\/geal.org.br\/juventude\/index.php?rest_route=%2Fwp%2Fv2%2Fmedia&parent=1848"}],"wp:term":[{"taxonomy":"category","embeddable":true,"href":"https:\/\/geal.org.br\/juventude\/index.php?rest_route=%2Fwp%2Fv2%2Fcategories&post=1848"},{"taxonomy":"post_tag","embeddable":true,"href":"https:\/\/geal.org.br\/juventude\/index.php?rest_route=%2Fwp%2Fv2%2Ftags&post=1848"}],"curies":[{"name":"wp","href":"https:\/\/api.w.org\/{rel}","templated":true}]}}