{"id":1850,"date":"2022-09-02T18:54:48","date_gmt":"2022-09-02T18:54:48","guid":{"rendered":"https:\/\/geal.org.br\/juventude\/?p=1850"},"modified":"2022-09-02T18:54:48","modified_gmt":"2022-09-02T18:54:48","slug":"marte","status":"publish","type":"post","link":"https:\/\/geal.org.br\/juventude\/?p=1850","title":{"rendered":"MARTE"},"content":{"rendered":"<p>&#8220;Enquanto as empresas de turismo organizam na Terra os grandes cruzeiros intercontinentais, realizando um dos mais belos esfor\u00e7os de socializa\u00e7\u00e3o do s\u00e9culo XX, no mundo dos Esp\u00edritos organizam-se caravanas de fraternidade, nos planos do interm\u00fandio\u201d.<\/p>\n<p>Na regi\u00e3o do est\u00f4mago, o privil\u00e9gio pertence aos sujeitos felizes, bem fichados nos c\u00edrculos banc\u00e1rios, mas, nos planos do cora\u00e7\u00e3o, os livros de cheque s\u00e3o desnecess\u00e1rios.<\/p>\n<p>[&#8230;] A morte n\u00e3o \u00e9 uma fonte miraculosa de virtude e de sabedoria. \u00c9, por\u00e9m, uma asa luminosa de liberdade para os que pagaram os mais pesados tributos de dor e de esperan\u00e7a, nas esteiras do Tempo.<\/p>\n<p>Enquanto os astr\u00f4nomos europeus e americanos examinam, cuidadosamente, os seus telesc\u00f3pios, para a contempla\u00e7\u00e3o da paisagem de Marte, \u00e0 dist\u00e2ncia de quase trinta e sete milh\u00f5es de milhas, [&#8230;] fomos felicitados com uma passagem gratuita ao nosso admir\u00e1vel vizinho do sistema solar, cuja passagem, nas adjac\u00eancias do orbe, vem empolgando igualmente os n\u00facleos de seres invis\u00edveis, localizados nas regi\u00f5es mais pr\u00f3ximas da Terra.<\/p>\n<p>[&#8230;] Depois de alguns segundos, cheg\u00e1vamos ao termo de nossa viagem vertiginosa. Dentro da atmosfera marciana, experimentamos uma extraordin\u00e1ria sensa\u00e7\u00e3o de leveza&#8230; Ao longe, divisei cidades fant\u00e1sticas pela sua beleza in\u00e9dita, cujos edif\u00edcios, de algum modo, me recordavam a Torre Eiffel ou os mais ousados arranha-c\u00e9us de Nova York.<\/p>\n<p>[&#8230;] Aos meus olhos, desenhavam-se panoramas que o meu Esp\u00edrito imaginara apenas para os mundos ideais da mitologia grega, com os seus para\u00edsos cariciosos.<\/p>\n<p style=\"text-align: right;\">(trecho do livro do m\u00eas)<\/p>\n","protected":false},"excerpt":{"rendered":"<p>&#8220;Enquanto as empresas de turismo organizam na Terra os grandes cruzeiros intercontinentais, realizando um dos mais belos esfor\u00e7os de socializa\u00e7\u00e3o do s\u00e9culo XX, no mundo dos Esp\u00edritos organizam-se caravanas de fraternidade, nos planos do interm\u00fandio\u201d. Na regi\u00e3o do est\u00f4mago, o privil\u00e9gio pertence aos sujeitos felizes, bem fichados nos c\u00edrculos banc\u00e1rios, mas, nos planos do cora\u00e7\u00e3o, &hellip; <\/p>\n<p class=\"link-more\"><a href=\"https:\/\/geal.org.br\/juventude\/?p=1850\" class=\"more-link\">Continue lendo<span class=\"screen-reader-text\"> &#8220;MARTE&#8221;<\/span><\/a><\/p>\n","protected":false},"author":1,"featured_media":0,"comment_status":"closed","ping_status":"open","sticky":false,"template":"","format":"standard","meta":[],"categories":[5],"tags":[],"_links":{"self":[{"href":"https:\/\/geal.org.br\/juventude\/index.php?rest_route=\/wp\/v2\/posts\/1850"}],"collection":[{"href":"https:\/\/geal.org.br\/juventude\/index.php?rest_route=\/wp\/v2\/posts"}],"about":[{"href":"https:\/\/geal.org.br\/juventude\/index.php?rest_route=\/wp\/v2\/types\/post"}],"author":[{"embeddable":true,"href":"https:\/\/geal.org.br\/juventude\/index.php?rest_route=\/wp\/v2\/users\/1"}],"replies":[{"embeddable":true,"href":"https:\/\/geal.org.br\/juventude\/index.php?rest_route=%2Fwp%2Fv2%2Fcomments&post=1850"}],"version-history":[{"count":1,"href":"https:\/\/geal.org.br\/juventude\/index.php?rest_route=\/wp\/v2\/posts\/1850\/revisions"}],"predecessor-version":[{"id":1851,"href":"https:\/\/geal.org.br\/juventude\/index.php?rest_route=\/wp\/v2\/posts\/1850\/revisions\/1851"}],"wp:attachment":[{"href":"https:\/\/geal.org.br\/juventude\/index.php?rest_route=%2Fwp%2Fv2%2Fmedia&parent=1850"}],"wp:term":[{"taxonomy":"category","embeddable":true,"href":"https:\/\/geal.org.br\/juventude\/index.php?rest_route=%2Fwp%2Fv2%2Fcategories&post=1850"},{"taxonomy":"post_tag","embeddable":true,"href":"https:\/\/geal.org.br\/juventude\/index.php?rest_route=%2Fwp%2Fv2%2Ftags&post=1850"}],"curies":[{"name":"wp","href":"https:\/\/api.w.org\/{rel}","templated":true}]}}