{"id":1853,"date":"2022-11-01T01:38:19","date_gmt":"2022-11-01T01:38:19","guid":{"rendered":"https:\/\/geal.org.br\/juventude\/?p=1853"},"modified":"2022-11-01T01:38:19","modified_gmt":"2022-11-01T01:38:19","slug":"o-candidato-intelectual-2","status":"publish","type":"post","link":"https:\/\/geal.org.br\/juventude\/?p=1853","title":{"rendered":"O CANDIDATO INTELECTUAL"},"content":{"rendered":"<p>Conta-se que Jesus, depois de infrut\u00edferos entendimentos com doutores da Lei, em Jerusal\u00e9m, acerca dos servi\u00e7os da Boa Nova, foi procurado por um candidato ao novo Reino, que se caracterizava pela profunda capacidade intelectual. Recebeu-o o Mestre, cordialmente, e, em seguida \u00e0s interpela\u00e7\u00f5es do futuro aprendiz, passou a explicar os objetivos do empreendimento. O Evangelho seria a luz das na\u00e7\u00f5es e consolidar-se-ia \u00e0 custa da ren\u00fancia e do devotamento dos disc\u00edpulos. Ensinaria aos homens a retribui\u00e7\u00e3o do mal com o bem, o perd\u00e3o infinito com a infinita esperan\u00e7a. A Paternidade Celeste resplandeceria para todos. Judeus e gentios converter-se-iam em irm\u00e3os, filhos do mesmo Pai.<\/p>\n<p>O candidato inteligente, fixando no Senhor os olhos arguciosos, indagou: \u2014 A que escola filos\u00f3fica obedeceremos? \u2014 \u00c0s escolas do C\u00e9u \u2014 respondeu, complacente, o Divino Amigo. E outras perguntas choveram, improvisadas. \u2014 Quem nos presidir\u00e1 \u00e0 organiza\u00e7\u00e3o? \u2014 Nosso Pai Celestial. \u2014 Em que bases aceitaremos a domina\u00e7\u00e3o pol\u00edtica dos romanos? \u2014 Nas do respeito e do aux\u00edlio m\u00fatuos. (&#8230;) \u2014 Onde a voz imediata de comando? \u2014 Na consci\u00eancia. (&#8230;) \u2014 Quem reter\u00e1 a melhor posi\u00e7\u00e3o no minist\u00e9rio? \u2014 Aquele que mais servir. O candidato co\u00e7ou a cabe\u00e7a, francamente desorientado, e continuou, finda a pausa: \u2014 Que objetivo fundamental ser\u00e1 o nosso? Respondeu Jesus, sem se irritar: \u2014 O mundo regenerado, enobrecido e feliz. (&#8230;) \u2014 Mas n\u00e3o teremos recursos de constranger os seguidores \u00e0 colabora\u00e7\u00e3o ativa? \u2014 No Reino Divino n\u00e3o h\u00e1 viol\u00eancia. (&#8230;) \u2014 Em que s\u00edtio se levantam as constru\u00e7\u00f5es de come\u00e7o? Aqui em Jerusal\u00e9m? \u2014 No cora\u00e7\u00e3o dos aprendizes. \u2014 Os livros de apontamento est\u00e3o prontos? \u2014 Sim. \u2014 Quais s\u00e3o? \u2014 Nossas vidas&#8230;<\/p>\n<p>O talentoso advent\u00edcio continuou a indagar, mas Jesus silenciou, sorridente e calmo. Ap\u00f3s longa s\u00e9rie de interrogativas sem resposta, o afoito rapaz inquiriu, ansioso: \u2014 Senhor, por que n\u00e3o esclareces? O Cristo afagou-lhe os ombros inquietos e afirmou: \u2014 Busca-me quando estiveres disposto a cooperar. E, assim dizendo, abandonou Jerusal\u00e9m na dire\u00e7\u00e3o da Galil\u00e9ia, onde procurou os pescadores r\u00fasticos e humildes que, realmente, nada sabiam da cultura grega ou do Direito romano, mantendo-se, contudo, perfeitamente prontos a trabalhar com alegria e a servir por amor, sem perguntar.<\/p>\n<p>(livro do m\u00eas &#8211; Cap. 2)<\/p>\n","protected":false},"excerpt":{"rendered":"<p>Conta-se que Jesus, depois de infrut\u00edferos entendimentos com doutores da Lei, em Jerusal\u00e9m, acerca dos servi\u00e7os da Boa Nova, foi procurado por um candidato ao novo Reino, que se caracterizava pela profunda capacidade intelectual. Recebeu-o o Mestre, cordialmente, e, em seguida \u00e0s interpela\u00e7\u00f5es do futuro aprendiz, passou a explicar os objetivos do empreendimento. O Evangelho &hellip; <\/p>\n<p class=\"link-more\"><a href=\"https:\/\/geal.org.br\/juventude\/?p=1853\" class=\"more-link\">Continue lendo<span class=\"screen-reader-text\"> &#8220;O CANDIDATO INTELECTUAL&#8221;<\/span><\/a><\/p>\n","protected":false},"author":1,"featured_media":0,"comment_status":"closed","ping_status":"open","sticky":false,"template":"","format":"standard","meta":[],"categories":[5],"tags":[],"_links":{"self":[{"href":"https:\/\/geal.org.br\/juventude\/index.php?rest_route=\/wp\/v2\/posts\/1853"}],"collection":[{"href":"https:\/\/geal.org.br\/juventude\/index.php?rest_route=\/wp\/v2\/posts"}],"about":[{"href":"https:\/\/geal.org.br\/juventude\/index.php?rest_route=\/wp\/v2\/types\/post"}],"author":[{"embeddable":true,"href":"https:\/\/geal.org.br\/juventude\/index.php?rest_route=\/wp\/v2\/users\/1"}],"replies":[{"embeddable":true,"href":"https:\/\/geal.org.br\/juventude\/index.php?rest_route=%2Fwp%2Fv2%2Fcomments&post=1853"}],"version-history":[{"count":1,"href":"https:\/\/geal.org.br\/juventude\/index.php?rest_route=\/wp\/v2\/posts\/1853\/revisions"}],"predecessor-version":[{"id":1854,"href":"https:\/\/geal.org.br\/juventude\/index.php?rest_route=\/wp\/v2\/posts\/1853\/revisions\/1854"}],"wp:attachment":[{"href":"https:\/\/geal.org.br\/juventude\/index.php?rest_route=%2Fwp%2Fv2%2Fmedia&parent=1853"}],"wp:term":[{"taxonomy":"category","embeddable":true,"href":"https:\/\/geal.org.br\/juventude\/index.php?rest_route=%2Fwp%2Fv2%2Fcategories&post=1853"},{"taxonomy":"post_tag","embeddable":true,"href":"https:\/\/geal.org.br\/juventude\/index.php?rest_route=%2Fwp%2Fv2%2Ftags&post=1853"}],"curies":[{"name":"wp","href":"https:\/\/api.w.org\/{rel}","templated":true}]}}