{"id":1873,"date":"2023-02-04T12:49:57","date_gmt":"2023-02-04T12:49:57","guid":{"rendered":"https:\/\/geal.org.br\/juventude\/?p=1873"},"modified":"2023-02-04T12:49:57","modified_gmt":"2023-02-04T12:49:57","slug":"livro-de-fevereiro-4","status":"publish","type":"post","link":"https:\/\/geal.org.br\/juventude\/?p=1873","title":{"rendered":"LIVRO DE FEVEREIRO"},"content":{"rendered":"<p style=\"text-align: center;\"><span style=\"color: #ff0000;\"><strong>Nas Fronteiras da Loucura<\/strong><\/span><\/p>\n<p style=\"text-align: center;\"><strong><span style=\"color: #0000ff;\">Manoel Philomeno de Miranda<\/span><\/strong><\/p>\n<p style=\"text-align: center;\"><strong><span style=\"color: #0000ff;\">Psic. Divaldo P. Franco<\/span><\/strong><\/p>\n<p>&nbsp;<\/p>\n<p>Dentro da sublime tarefa de desvelar, para n\u00f3s encarnados, a realidade do mundo espiritual, Manoel Philomeno de Miranda, pela mediunidade de Divaldo Franco, d\u00e1 continuidade a um estilo semelhante ao do Esp\u00edrito Andr\u00e9 Luiz, pelas m\u00e3os de Chico Xavier. Ao mesmo tempo em que se coloca como aprendiz junto ao Benfeitor Bezerra de Menezes, vai descrevendo as condi\u00e7\u00f5es espirituais que cercam os encarnados e sua intera\u00e7\u00e3o com os desencarnados, bem mais significativa do que imaginamos.<\/p>\n<p>Neste livro ele descreve as intera\u00e7\u00f5es espirituais durante o per\u00edodo de carnaval do Rio de Janeiro na d\u00e9cada de 80, quando este livro foi publicado. Podemos afirmar, sem receio de equ\u00edvocos, que n\u00e3o h\u00e1 indicativos de que as condi\u00e7\u00f5es tenham se modificado muito na \u00e9poca atual. Dadas as liberalidades em diversos campos de a\u00e7\u00e3o humana, particularmente entre os mais jovens de hoje, o mais prov\u00e1vel \u00e9 que as obsess\u00f5es tenham se intensificado. Por esta raz\u00e3o, recomendamos sua leitura, ou releitura, neste per\u00edodo.<\/p>\n<p>Vale notar a especial observa\u00e7\u00e3o que consta no seu pref\u00e1cio intitulada \u201cExplica\u00e7\u00e3o\u201d feita pelo Esp\u00edrito Andr\u00e9 Luiz atrav\u00e9s da psicografia de Chico Xavier, consolidando a conson\u00e2ncia do trabalho grandioso deste dois Esp\u00edritos atrav\u00e9s dos respectivos m\u00e9diuns.<\/p>\n","protected":false},"excerpt":{"rendered":"<p>Nas Fronteiras da Loucura Manoel Philomeno de Miranda Psic. Divaldo P. Franco &nbsp; Dentro da sublime tarefa de desvelar, para n\u00f3s encarnados, a realidade do mundo espiritual, Manoel Philomeno de Miranda, pela mediunidade de Divaldo Franco, d\u00e1 continuidade a um estilo semelhante ao do Esp\u00edrito Andr\u00e9 Luiz, pelas m\u00e3os de Chico Xavier. Ao mesmo tempo &hellip; <\/p>\n<p class=\"link-more\"><a href=\"https:\/\/geal.org.br\/juventude\/?p=1873\" class=\"more-link\">Continue lendo<span class=\"screen-reader-text\"> &#8220;LIVRO DE FEVEREIRO&#8221;<\/span><\/a><\/p>\n","protected":false},"author":1,"featured_media":0,"comment_status":"closed","ping_status":"open","sticky":false,"template":"","format":"standard","meta":[],"categories":[5],"tags":[],"_links":{"self":[{"href":"https:\/\/geal.org.br\/juventude\/index.php?rest_route=\/wp\/v2\/posts\/1873"}],"collection":[{"href":"https:\/\/geal.org.br\/juventude\/index.php?rest_route=\/wp\/v2\/posts"}],"about":[{"href":"https:\/\/geal.org.br\/juventude\/index.php?rest_route=\/wp\/v2\/types\/post"}],"author":[{"embeddable":true,"href":"https:\/\/geal.org.br\/juventude\/index.php?rest_route=\/wp\/v2\/users\/1"}],"replies":[{"embeddable":true,"href":"https:\/\/geal.org.br\/juventude\/index.php?rest_route=%2Fwp%2Fv2%2Fcomments&post=1873"}],"version-history":[{"count":1,"href":"https:\/\/geal.org.br\/juventude\/index.php?rest_route=\/wp\/v2\/posts\/1873\/revisions"}],"predecessor-version":[{"id":1874,"href":"https:\/\/geal.org.br\/juventude\/index.php?rest_route=\/wp\/v2\/posts\/1873\/revisions\/1874"}],"wp:attachment":[{"href":"https:\/\/geal.org.br\/juventude\/index.php?rest_route=%2Fwp%2Fv2%2Fmedia&parent=1873"}],"wp:term":[{"taxonomy":"category","embeddable":true,"href":"https:\/\/geal.org.br\/juventude\/index.php?rest_route=%2Fwp%2Fv2%2Fcategories&post=1873"},{"taxonomy":"post_tag","embeddable":true,"href":"https:\/\/geal.org.br\/juventude\/index.php?rest_route=%2Fwp%2Fv2%2Ftags&post=1873"}],"curies":[{"name":"wp","href":"https:\/\/api.w.org\/{rel}","templated":true}]}}