{"id":1875,"date":"2023-02-04T12:51:30","date_gmt":"2023-02-04T12:51:30","guid":{"rendered":"https:\/\/geal.org.br\/juventude\/?p=1875"},"modified":"2023-02-04T12:53:21","modified_gmt":"2023-02-04T12:53:21","slug":"explicacao-3","status":"publish","type":"post","link":"https:\/\/geal.org.br\/juventude\/?p=1875","title":{"rendered":"EXPLICA\u00c7\u00c3O"},"content":{"rendered":"<p>\u201cA desmontagem da obsess\u00e3o \u00e9 trabalho milenar sobre a Terra. Por isso mesmo, n\u00e3o se atribui a um tarefeiro \u00fanico a obriga\u00e7\u00e3o de erradic\u00e1-la no caminho dos homens.<\/p>\n<p>Manoel Philomeno de Miranda \u00e9 um batalhador que penetra no campo de servi\u00e7o criando novos sistemas de trabalho e novos planos de a\u00e7\u00e3o para que se nos extinga semelhante flagelo no mundo f\u00edsico.<\/p>\n<p>Que a sua tarefa frutifique em ben\u00e7\u00e3os de liberta\u00e7\u00e3o e que o Senhor a todos nos fortale\u00e7a e nos aben\u00e7oe.\u201d<\/p>\n<p>(Andr\u00e9 Luiz \u2013 pref\u00e1cio do livro do m\u00eas)<\/p>\n","protected":false},"excerpt":{"rendered":"<p>\u201cA desmontagem da obsess\u00e3o \u00e9 trabalho milenar sobre a Terra. Por isso mesmo, n\u00e3o se atribui a um tarefeiro \u00fanico a obriga\u00e7\u00e3o de erradic\u00e1-la no caminho dos homens. Manoel Philomeno de Miranda \u00e9 um batalhador que penetra no campo de servi\u00e7o criando novos sistemas de trabalho e novos planos de a\u00e7\u00e3o para que se nos &hellip; <\/p>\n<p class=\"link-more\"><a href=\"https:\/\/geal.org.br\/juventude\/?p=1875\" class=\"more-link\">Continue lendo<span class=\"screen-reader-text\"> &#8220;EXPLICA\u00c7\u00c3O&#8221;<\/span><\/a><\/p>\n","protected":false},"author":1,"featured_media":0,"comment_status":"closed","ping_status":"open","sticky":false,"template":"","format":"standard","meta":[],"categories":[5],"tags":[],"_links":{"self":[{"href":"https:\/\/geal.org.br\/juventude\/index.php?rest_route=\/wp\/v2\/posts\/1875"}],"collection":[{"href":"https:\/\/geal.org.br\/juventude\/index.php?rest_route=\/wp\/v2\/posts"}],"about":[{"href":"https:\/\/geal.org.br\/juventude\/index.php?rest_route=\/wp\/v2\/types\/post"}],"author":[{"embeddable":true,"href":"https:\/\/geal.org.br\/juventude\/index.php?rest_route=\/wp\/v2\/users\/1"}],"replies":[{"embeddable":true,"href":"https:\/\/geal.org.br\/juventude\/index.php?rest_route=%2Fwp%2Fv2%2Fcomments&post=1875"}],"version-history":[{"count":1,"href":"https:\/\/geal.org.br\/juventude\/index.php?rest_route=\/wp\/v2\/posts\/1875\/revisions"}],"predecessor-version":[{"id":1876,"href":"https:\/\/geal.org.br\/juventude\/index.php?rest_route=\/wp\/v2\/posts\/1875\/revisions\/1876"}],"wp:attachment":[{"href":"https:\/\/geal.org.br\/juventude\/index.php?rest_route=%2Fwp%2Fv2%2Fmedia&parent=1875"}],"wp:term":[{"taxonomy":"category","embeddable":true,"href":"https:\/\/geal.org.br\/juventude\/index.php?rest_route=%2Fwp%2Fv2%2Fcategories&post=1875"},{"taxonomy":"post_tag","embeddable":true,"href":"https:\/\/geal.org.br\/juventude\/index.php?rest_route=%2Fwp%2Fv2%2Ftags&post=1875"}],"curies":[{"name":"wp","href":"https:\/\/api.w.org\/{rel}","templated":true}]}}