{"id":1878,"date":"2023-03-19T21:12:55","date_gmt":"2023-03-19T21:12:55","guid":{"rendered":"https:\/\/geal.org.br\/juventude\/?p=1878"},"modified":"2023-03-19T21:12:55","modified_gmt":"2023-03-19T21:12:55","slug":"livro-de-marco-4","status":"publish","type":"post","link":"https:\/\/geal.org.br\/juventude\/?p=1878","title":{"rendered":"LIVRO DE MAR\u00c7O"},"content":{"rendered":"<p style=\"text-align: center;\"><strong><span style=\"color: #ff0000;\">A G\u00eanese<\/span><\/strong><\/p>\n<p style=\"text-align: center;\"><strong><span style=\"color: #0000ff;\">Allan Kardec<\/span><\/strong><\/p>\n<p>&nbsp;<\/p>\n<p>Este foi o quarto livro do pentateuco editado pelo mestre lion\u00eas e que este ano completa 150 anos de sua publica\u00e7\u00e3o.<\/p>\n<p>Nele Kardec reuniu tr\u00eas aspectos relevantes da revela\u00e7\u00e3o esp\u00edrita:<\/p>\n<ul>\n<li><em>a <u>G\u00eanese<\/u><\/em>, do Universo, da Terra e dos seres vivos e espirituais, apresentando-nos a l\u00f3gica da causa prim\u00e1ria em Deus;<\/li>\n<li><em>os <u>Milagres<\/u><\/em>, caracteres, fluidos e os fatos supranormais produzidos por Jesus;<\/li>\n<li><em>as <u>Predi\u00e7\u00f5es<\/u><\/em>, teoria da presci\u00eancia, as predi\u00e7\u00f5es do Evangelho e o sentido do Apocalipse.<\/li>\n<\/ul>\n<p>Como as demais obras do Codificador, \u00e9 um livro para uma primeira leitura, para depois ser estudado, sistematicamente, a fim de formarmos uma base s\u00f3lida de conhecimentos doutrin\u00e1rios, capaz de estruturar em n\u00f3s uma f\u00e9 raciocinada, como ele mesmo nos prop\u00f5e no frontisp\u00edcio do Evangelho Segundo o Espiritismo.<\/p>\n<p>Este livro nos auxilia a entender melhor Jesus e Seu Evangelho de amor, caminho, verdade e vida<\/p>\n","protected":false},"excerpt":{"rendered":"<p>A G\u00eanese Allan Kardec &nbsp; Este foi o quarto livro do pentateuco editado pelo mestre lion\u00eas e que este ano completa 150 anos de sua publica\u00e7\u00e3o. Nele Kardec reuniu tr\u00eas aspectos relevantes da revela\u00e7\u00e3o esp\u00edrita: a G\u00eanese, do Universo, da Terra e dos seres vivos e espirituais, apresentando-nos a l\u00f3gica da causa prim\u00e1ria em Deus; &hellip; <\/p>\n<p class=\"link-more\"><a href=\"https:\/\/geal.org.br\/juventude\/?p=1878\" class=\"more-link\">Continue lendo<span class=\"screen-reader-text\"> &#8220;LIVRO DE MAR\u00c7O&#8221;<\/span><\/a><\/p>\n","protected":false},"author":1,"featured_media":0,"comment_status":"closed","ping_status":"open","sticky":false,"template":"","format":"standard","meta":[],"categories":[5],"tags":[],"_links":{"self":[{"href":"https:\/\/geal.org.br\/juventude\/index.php?rest_route=\/wp\/v2\/posts\/1878"}],"collection":[{"href":"https:\/\/geal.org.br\/juventude\/index.php?rest_route=\/wp\/v2\/posts"}],"about":[{"href":"https:\/\/geal.org.br\/juventude\/index.php?rest_route=\/wp\/v2\/types\/post"}],"author":[{"embeddable":true,"href":"https:\/\/geal.org.br\/juventude\/index.php?rest_route=\/wp\/v2\/users\/1"}],"replies":[{"embeddable":true,"href":"https:\/\/geal.org.br\/juventude\/index.php?rest_route=%2Fwp%2Fv2%2Fcomments&post=1878"}],"version-history":[{"count":1,"href":"https:\/\/geal.org.br\/juventude\/index.php?rest_route=\/wp\/v2\/posts\/1878\/revisions"}],"predecessor-version":[{"id":1879,"href":"https:\/\/geal.org.br\/juventude\/index.php?rest_route=\/wp\/v2\/posts\/1878\/revisions\/1879"}],"wp:attachment":[{"href":"https:\/\/geal.org.br\/juventude\/index.php?rest_route=%2Fwp%2Fv2%2Fmedia&parent=1878"}],"wp:term":[{"taxonomy":"category","embeddable":true,"href":"https:\/\/geal.org.br\/juventude\/index.php?rest_route=%2Fwp%2Fv2%2Fcategories&post=1878"},{"taxonomy":"post_tag","embeddable":true,"href":"https:\/\/geal.org.br\/juventude\/index.php?rest_route=%2Fwp%2Fv2%2Ftags&post=1878"}],"curies":[{"name":"wp","href":"https:\/\/api.w.org\/{rel}","templated":true}]}}