{"id":1888,"date":"2023-04-30T21:58:02","date_gmt":"2023-04-30T21:58:02","guid":{"rendered":"https:\/\/geal.org.br\/juventude\/?p=1888"},"modified":"2023-04-30T21:59:49","modified_gmt":"2023-04-30T21:59:49","slug":"livro-de-maio-4","status":"publish","type":"post","link":"https:\/\/geal.org.br\/juventude\/?p=1888","title":{"rendered":"LIVRO DE MAIO"},"content":{"rendered":"<p style=\"text-align: center;\"><span style=\"color: #ff0000;\"><strong>O Consolador<\/strong><\/span><\/p>\n<p style=\"text-align: center;\"><span style=\"color: #0000ff;\"><strong>Emmanuel &#8211; psic. F.C.Xavier<\/strong><\/span><\/p>\n<p>\u201cPodemos tomar o Espiritismo, simbolizado desse modo, como um tri\u00e2ngulo de for\u00e7as espirituais. A Ci\u00eancia e a Filosofia vinculam \u00e0 Terra essa figura simb\u00f3lica, por\u00e9m a Religi\u00e3o \u00e9 o \u00e2ngulo divino que a liga ao C\u00e9u.\u201d<\/p>\n<p>Com esta introdu\u00e7\u00e3o, Emmanuel aborda neste livro de forma interessante, os v\u00e1rios ramos da Ci\u00eancia, como a Qu\u00edmica, F\u00edsica, Biologia, Psicologia e Sociologia; da Filosofia, tais como, Vida, Sentimento, Cultura, Ilumina\u00e7\u00e3o e Evolu\u00e7\u00e3o e da Religi\u00e3o, tais como, Velho Testamento, Evangelho, Amor, Espiritismo e Mediunidade.<\/p>\n<p>Formulado em perguntas variadas e interessantes pelos membros do Grupo Esp\u00edrita \u201cLuis Gonzaga\u201d, em Pedro Leopoldo, encontramos respostas para perguntas como: H\u00e1 org\u00e3os no corpo espiritual? \u00c9 um erro alimentar-se o homem com a carne dos irracionais? Os astros influenciam igualmente na vida do homem? H\u00e1 o determinismo e o livre-arb\u00edtrio, ao mesmo tempo, na exist\u00eancia humana? Como devemos conceituar o sonho? Como se verifica a queda do Esp\u00edrito? Dever-se-\u00e1 provocar o desenvolvimento da mediunidade?<\/p>\n","protected":false},"excerpt":{"rendered":"<p>O Consolador Emmanuel &#8211; psic. F.C.Xavier \u201cPodemos tomar o Espiritismo, simbolizado desse modo, como um tri\u00e2ngulo de for\u00e7as espirituais. A Ci\u00eancia e a Filosofia vinculam \u00e0 Terra essa figura simb\u00f3lica, por\u00e9m a Religi\u00e3o \u00e9 o \u00e2ngulo divino que a liga ao C\u00e9u.\u201d Com esta introdu\u00e7\u00e3o, Emmanuel aborda neste livro de forma interessante, os v\u00e1rios ramos &hellip; <\/p>\n<p class=\"link-more\"><a href=\"https:\/\/geal.org.br\/juventude\/?p=1888\" class=\"more-link\">Continue lendo<span class=\"screen-reader-text\"> &#8220;LIVRO DE MAIO&#8221;<\/span><\/a><\/p>\n","protected":false},"author":1,"featured_media":0,"comment_status":"closed","ping_status":"open","sticky":false,"template":"","format":"standard","meta":[],"categories":[5],"tags":[],"_links":{"self":[{"href":"https:\/\/geal.org.br\/juventude\/index.php?rest_route=\/wp\/v2\/posts\/1888"}],"collection":[{"href":"https:\/\/geal.org.br\/juventude\/index.php?rest_route=\/wp\/v2\/posts"}],"about":[{"href":"https:\/\/geal.org.br\/juventude\/index.php?rest_route=\/wp\/v2\/types\/post"}],"author":[{"embeddable":true,"href":"https:\/\/geal.org.br\/juventude\/index.php?rest_route=\/wp\/v2\/users\/1"}],"replies":[{"embeddable":true,"href":"https:\/\/geal.org.br\/juventude\/index.php?rest_route=%2Fwp%2Fv2%2Fcomments&post=1888"}],"version-history":[{"count":3,"href":"https:\/\/geal.org.br\/juventude\/index.php?rest_route=\/wp\/v2\/posts\/1888\/revisions"}],"predecessor-version":[{"id":1893,"href":"https:\/\/geal.org.br\/juventude\/index.php?rest_route=\/wp\/v2\/posts\/1888\/revisions\/1893"}],"wp:attachment":[{"href":"https:\/\/geal.org.br\/juventude\/index.php?rest_route=%2Fwp%2Fv2%2Fmedia&parent=1888"}],"wp:term":[{"taxonomy":"category","embeddable":true,"href":"https:\/\/geal.org.br\/juventude\/index.php?rest_route=%2Fwp%2Fv2%2Fcategories&post=1888"},{"taxonomy":"post_tag","embeddable":true,"href":"https:\/\/geal.org.br\/juventude\/index.php?rest_route=%2Fwp%2Fv2%2Ftags&post=1888"}],"curies":[{"name":"wp","href":"https:\/\/api.w.org\/{rel}","templated":true}]}}