{"id":1891,"date":"2023-04-30T21:59:22","date_gmt":"2023-04-30T21:59:22","guid":{"rendered":"https:\/\/geal.org.br\/juventude\/?p=1891"},"modified":"2023-04-30T21:59:22","modified_gmt":"2023-04-30T21:59:22","slug":"os-animais-nossos-irmaos","status":"publish","type":"post","link":"https:\/\/geal.org.br\/juventude\/?p=1891","title":{"rendered":"Os animais nossos irm\u00e3os"},"content":{"rendered":"<p>128 \u2013 A vida do irracional est\u00e1 revestida igualmente das caracter\u00edsticas mission\u00e1rias?<\/p>\n<p>\u2013 A vida do animal n\u00e3o \u00e9 propriamente miss\u00e3o, apresentando, por\u00e9m, uma finalidade superior que constitui a do seu aperfei\u00e7oamento pr\u00f3prio, atrav\u00e9s das experi\u00eancias benfeitoras do trabalho e da aquisi\u00e7\u00e3o, em longos e pacientes esfor\u00e7os, dos princ\u00edpios sagrados da intelig\u00eancia.<\/p>\n<p>129 \u2013 \u00c9 um erro alimentar-se o homem com a carne dos irracionais?<\/p>\n<p>\u2013 A ingest\u00e3o das v\u00edsceras dos animais \u00e9 um erro de enormes consequ\u00eancias, do qual derivaram numerosos v\u00edcios da nutri\u00e7\u00e3o humana. \u00c9 de lastimar semelhante situa\u00e7\u00e3o, mesmo porque, se o estado de materialidade da criatura exige a coopera\u00e7\u00e3o de determinadas vitaminas, esses valores nutritivos podem ser encontrados nos produtos de origem vegetal, sem a necessidade absoluta dos matadouros e frigor\u00edficos.<\/p>\n<p>Temos de considerar, por\u00e9m, a m\u00e1quina econ\u00f4mica do interesse e da harmonia coletiva, na qual tantos oper\u00e1rios fabricam o seu p\u00e3o cotidiano. Suas pe\u00e7as n\u00e3o podem ser destru\u00eddas de um dia para o outro, sem perigos graves. Consolemo-nos com a vis\u00e3o do porvir, sendo justo trabalharmos, dedicadamente, pelo advento dos tempos novos em que os homens terrestres poder\u00e3o dispensar da alimenta\u00e7\u00e3o os despojos sangrentos de seus irm\u00e3os inferiores.<\/p>\n<p>(Perguntas do livro do m\u00eas)<\/p>\n","protected":false},"excerpt":{"rendered":"<p>128 \u2013 A vida do irracional est\u00e1 revestida igualmente das caracter\u00edsticas mission\u00e1rias? \u2013 A vida do animal n\u00e3o \u00e9 propriamente miss\u00e3o, apresentando, por\u00e9m, uma finalidade superior que constitui a do seu aperfei\u00e7oamento pr\u00f3prio, atrav\u00e9s das experi\u00eancias benfeitoras do trabalho e da aquisi\u00e7\u00e3o, em longos e pacientes esfor\u00e7os, dos princ\u00edpios sagrados da intelig\u00eancia. 129 \u2013 \u00c9 &hellip; <\/p>\n<p class=\"link-more\"><a href=\"https:\/\/geal.org.br\/juventude\/?p=1891\" class=\"more-link\">Continue lendo<span class=\"screen-reader-text\"> &#8220;Os animais nossos irm\u00e3os&#8221;<\/span><\/a><\/p>\n","protected":false},"author":1,"featured_media":0,"comment_status":"closed","ping_status":"open","sticky":false,"template":"","format":"standard","meta":[],"categories":[5],"tags":[],"_links":{"self":[{"href":"https:\/\/geal.org.br\/juventude\/index.php?rest_route=\/wp\/v2\/posts\/1891"}],"collection":[{"href":"https:\/\/geal.org.br\/juventude\/index.php?rest_route=\/wp\/v2\/posts"}],"about":[{"href":"https:\/\/geal.org.br\/juventude\/index.php?rest_route=\/wp\/v2\/types\/post"}],"author":[{"embeddable":true,"href":"https:\/\/geal.org.br\/juventude\/index.php?rest_route=\/wp\/v2\/users\/1"}],"replies":[{"embeddable":true,"href":"https:\/\/geal.org.br\/juventude\/index.php?rest_route=%2Fwp%2Fv2%2Fcomments&post=1891"}],"version-history":[{"count":1,"href":"https:\/\/geal.org.br\/juventude\/index.php?rest_route=\/wp\/v2\/posts\/1891\/revisions"}],"predecessor-version":[{"id":1892,"href":"https:\/\/geal.org.br\/juventude\/index.php?rest_route=\/wp\/v2\/posts\/1891\/revisions\/1892"}],"wp:attachment":[{"href":"https:\/\/geal.org.br\/juventude\/index.php?rest_route=%2Fwp%2Fv2%2Fmedia&parent=1891"}],"wp:term":[{"taxonomy":"category","embeddable":true,"href":"https:\/\/geal.org.br\/juventude\/index.php?rest_route=%2Fwp%2Fv2%2Fcategories&post=1891"},{"taxonomy":"post_tag","embeddable":true,"href":"https:\/\/geal.org.br\/juventude\/index.php?rest_route=%2Fwp%2Fv2%2Ftags&post=1891"}],"curies":[{"name":"wp","href":"https:\/\/api.w.org\/{rel}","templated":true}]}}