{"id":1897,"date":"2023-07-01T15:14:12","date_gmt":"2023-07-01T15:14:12","guid":{"rendered":"https:\/\/geal.org.br\/juventude\/?p=1897"},"modified":"2023-07-01T15:15:08","modified_gmt":"2023-07-01T15:15:08","slug":"explicacao-necessaria","status":"publish","type":"post","link":"https:\/\/geal.org.br\/juventude\/?p=1897","title":{"rendered":"EXPLICA\u00c7\u00c3O NECESS\u00c1RIA"},"content":{"rendered":"<p>As p\u00e1ginas que v\u00e3o ler s\u00e3o de autoria daquela que foi, na Terra, a minha m\u00e3e muito querida. \u00a0Minha genitora chamava-se Maria Jo\u00e3o de Deus e desencarnou nesta cidade, em 29 de setembro de 1915. Filha de uma lavadeira humilde, de Santa Luiza do Rio das Velhas, ela n\u00e3o pode receber uma educa\u00e7\u00e3o esmerada; mas todos os que a conheceram, afirmam que os sentimentos do seu cora\u00e7\u00e3o substitu\u00edram a cultura que lhe faltava. Quando o seu bondoso esp\u00edrito se comunicou por meu interm\u00e9dio, pela primeira vez, eu lhe pedi que me contasse as impress\u00f5es iniciais da sua vida no outro mundo, recebendo a promessa de que o havia de fazer oportunamente; e, h\u00e1 pouco tempo, ela come\u00e7ou a escrever, por interm\u00e9dio da minha mediunidade, estas cartas que v\u00e3o ler. Eu contava cinco anos de idade, quando minha m\u00e3e desencarnou; mas, mesmo assim, nunca pude esquec\u00ea-la e, ultimamente, gra\u00e7as ao Espiritismo, ou\u00e7o a sua voz, comunico-me com ela e ao seu esp\u00edrito generoso devo os melhores instantes de consolo espiritual da minha vida. A\u00ed est\u00e3o, minha m\u00e3e, as tuas p\u00e1ginas. Elas v\u00e3o ser vendidas em benef\u00edcio das \u00f3rf\u00e3zinhas. Deus permita que os pequeninos, que sofrem, recebam um conforto em teu nome, e que a Miseric\u00f3rdia Divina te auxilie, multiplicando as tuas luzes na vida espiritual.<\/p>\n<p>Pedro Leopoldo. MG, 25 de junho de 1935.<\/p>\n<p>FRANCISCO C\u00c2NDIDO XAVIER<\/p>\n<p>do LIVRO DO M\u00caS<\/p>\n","protected":false},"excerpt":{"rendered":"<p>As p\u00e1ginas que v\u00e3o ler s\u00e3o de autoria daquela que foi, na Terra, a minha m\u00e3e muito querida. \u00a0Minha genitora chamava-se Maria Jo\u00e3o de Deus e desencarnou nesta cidade, em 29 de setembro de 1915. Filha de uma lavadeira humilde, de Santa Luiza do Rio das Velhas, ela n\u00e3o pode receber uma educa\u00e7\u00e3o esmerada; mas &hellip; <\/p>\n<p class=\"link-more\"><a href=\"https:\/\/geal.org.br\/juventude\/?p=1897\" class=\"more-link\">Continue lendo<span class=\"screen-reader-text\"> &#8220;EXPLICA\u00c7\u00c3O NECESS\u00c1RIA&#8221;<\/span><\/a><\/p>\n","protected":false},"author":1,"featured_media":0,"comment_status":"closed","ping_status":"open","sticky":false,"template":"","format":"standard","meta":[],"categories":[5],"tags":[],"_links":{"self":[{"href":"https:\/\/geal.org.br\/juventude\/index.php?rest_route=\/wp\/v2\/posts\/1897"}],"collection":[{"href":"https:\/\/geal.org.br\/juventude\/index.php?rest_route=\/wp\/v2\/posts"}],"about":[{"href":"https:\/\/geal.org.br\/juventude\/index.php?rest_route=\/wp\/v2\/types\/post"}],"author":[{"embeddable":true,"href":"https:\/\/geal.org.br\/juventude\/index.php?rest_route=\/wp\/v2\/users\/1"}],"replies":[{"embeddable":true,"href":"https:\/\/geal.org.br\/juventude\/index.php?rest_route=%2Fwp%2Fv2%2Fcomments&post=1897"}],"version-history":[{"count":2,"href":"https:\/\/geal.org.br\/juventude\/index.php?rest_route=\/wp\/v2\/posts\/1897\/revisions"}],"predecessor-version":[{"id":1899,"href":"https:\/\/geal.org.br\/juventude\/index.php?rest_route=\/wp\/v2\/posts\/1897\/revisions\/1899"}],"wp:attachment":[{"href":"https:\/\/geal.org.br\/juventude\/index.php?rest_route=%2Fwp%2Fv2%2Fmedia&parent=1897"}],"wp:term":[{"taxonomy":"category","embeddable":true,"href":"https:\/\/geal.org.br\/juventude\/index.php?rest_route=%2Fwp%2Fv2%2Fcategories&post=1897"},{"taxonomy":"post_tag","embeddable":true,"href":"https:\/\/geal.org.br\/juventude\/index.php?rest_route=%2Fwp%2Fv2%2Ftags&post=1897"}],"curies":[{"name":"wp","href":"https:\/\/api.w.org\/{rel}","templated":true}]}}